{"id":230919,"date":"2026-01-16T02:00:35","date_gmt":"2026-01-16T02:00:35","guid":{"rendered":"https:\/\/www.europesays.com\/pt\/230919\/"},"modified":"2026-01-16T02:00:35","modified_gmt":"2026-01-16T02:00:35","slug":"bednarek-faz-a-diferenca-e-fc-porto-elimina-benfica-rumo-as-meias-finais-da-taca-de-portugal","status":"publish","type":"post","link":"https:\/\/www.europesays.com\/pt\/230919\/","title":{"rendered":"Bednarek faz a diferen\u00e7a e FC Porto elimina Benfica rumo \u00e0s meias\u2011finais da Ta\u00e7a de Portugal"},"content":{"rendered":"<p>O <strong>FC Porto<\/strong> qualificou\u2011se esta quarta\u2011feira para as <strong>meias\u2011finais da Ta\u00e7a de Portugal<\/strong>, ao vencer o <strong>Benfica<\/strong> por 1\u20110, num cl\u00e1ssico intenso disputado no <strong>Est\u00e1dio do Drag\u00e3o<\/strong> diante de <strong>47.374 espetadores<\/strong>.<\/p>\n<p>O \u00fanico golo do encontro surgiu aos <strong>15 minutos<\/strong>, quando o defesa <strong>Jan Bednarek<\/strong> apareceu ao primeiro poste para cabecear com perfei\u00e7\u00e3o na sequ\u00eancia de um canto de <strong>Gabri Veiga<\/strong>, ultrapassando a marca\u00e7\u00e3o de Leandro Barreiro e batendo o guarda\u2011redes <strong>Anatoliy Trubin<\/strong>.<\/p>\n<p>O jogo come\u00e7ou com grande ritmo e algum confronto f\u00edsico, inclusive com uma paragem precoce para assistir <strong>Martim Fernandes<\/strong>, que ficou lesionado ap\u00f3s um choque.<\/p>\n<p>Apesar da vantagem portista, o Benfica reagiu e dominou fases do encontro no meio\u2011campo. <strong>Prestiani<\/strong> teve uma oportunidade perigosa ainda na primeira parte, mas o remate saiu por cima. J\u00e1 perto do intervalo, v\u00e1rios jogadores benfiquistas \u2013 incluindo R\u00edos, Pavlidis e Dedic \u2013 estiveram envolvidos em lances durinhos que resultaram em advert\u00eancias.<\/p>\n<p>O Benfica sofreu ainda a perda de <strong>Richard R\u00edos<\/strong>, for\u00e7ado a sair lesionado e substitu\u00eddo por <strong>Georgiy Sudakov<\/strong> antes do intervalo.<\/p>\n<p>O FC Porto, por seu lado, criou perigo atrav\u00e9s de remates de <strong>Veiga<\/strong> e outros lances ofensivos, mas n\u00e3o conseguiu aumentar a vantagem antes do intervalo.<\/p>\n<p>Na segunda parte, os azuis e brancos controlaram o jogo com serenidade e Diogo Costa acabou por segurar o resultado com algumas interven\u00e7\u00f5es tranquilas, cortando as inten\u00e7\u00f5es ofensivas dos encarnados.<\/p>\n<p>No final do encontro, o Benfica ainda teve uma grande oportunidade para empatar nos descontos, mas <strong>Pavlidis<\/strong>, sozinho \u00e0 boca da baliza ap\u00f3s um cruzamento de Schjelderup, falhou o toque decisivo.<\/p>\n<p>Com esta vit\u00f3ria, o FC Porto soma a sua <strong>oitava vit\u00f3ria consecutiva<\/strong> esta \u00e9poca e regressa \u00e0s meias\u2011finais da competi\u00e7\u00e3o que j\u00e1 venceu por <strong>20 vezes<\/strong>. O sorteio para conhecer os advers\u00e1rios nessa fase est\u00e1 previsto para esta quinta\u2011feira no audit\u00f3rio da <strong>Cidade do Futebol<\/strong>, em Oeiras.<\/p>\n","protected":false},"excerpt":{"rendered":"O FC Porto qualificou\u2011se esta quarta\u2011feira para as meias\u2011finais da Ta\u00e7a de Portugal, ao vencer o Benfica por&hellip;\n","protected":false},"author":2,"featured_media":230920,"comment_status":"","ping_status":"","sticky":false,"template":"","format":"standard","meta":{"footnotes":""},"categories":[87],"tags":[135,32,33,134],"class_list":{"0":"post-230919","1":"post","2":"type-post","3":"status-publish","4":"format-standard","5":"has-post-thumbnail","7":"category-desporto","8":"tag-desporto","9":"tag-portugal","10":"tag-pt","11":"tag-sports"},"share_on_mastodon":{"url":"https:\/\/pubeurope.com\/@pt\/115902311696322414","error":""},"_links":{"self":[{"href":"https:\/\/www.europesays.com\/pt\/wp-json\/wp\/v2\/posts\/230919","targetHints":{"allow":["GET"]}}],"collection":[{"href":"https:\/\/www.europesays.com\/pt\/wp-json\/wp\/v2\/posts"}],"about":[{"href":"https:\/\/www.europesays.com\/pt\/wp-json\/wp\/v2\/types\/post"}],"author":[{"embeddable":true,"href":"https:\/\/www.europesays.com\/pt\/wp-json\/wp\/v2\/users\/2"}],"replies":[{"embeddable":true,"href":"https:\/\/www.europesays.com\/pt\/wp-json\/wp\/v2\/comments?post=230919"}],"version-history":[{"count":0,"href":"https:\/\/www.europesays.com\/pt\/wp-json\/wp\/v2\/posts\/230919\/revisions"}],"wp:featuredmedia":[{"embeddable":true,"href":"https:\/\/www.europesays.com\/pt\/wp-json\/wp\/v2\/media\/230920"}],"wp:attachment":[{"href":"https:\/\/www.europesays.com\/pt\/wp-json\/wp\/v2\/media?parent=230919"}],"wp:term":[{"taxonomy":"category","embeddable":true,"href":"https:\/\/www.europesays.com\/pt\/wp-json\/wp\/v2\/categories?post=230919"},{"taxonomy":"post_tag","embeddable":true,"href":"https:\/\/www.europesays.com\/pt\/wp-json\/wp\/v2\/tags?post=230919"}],"curies":[{"name":"wp","href":"https:\/\/api.w.org\/{rel}","templated":true}]}}