{"id":230939,"date":"2026-01-16T02:22:26","date_gmt":"2026-01-16T02:22:26","guid":{"rendered":"https:\/\/www.europesays.com\/pt\/230939\/"},"modified":"2026-01-16T02:22:26","modified_gmt":"2026-01-16T02:22:26","slug":"presidente-do-aek-pune-jogadores-e-impoe-condicao-para-suspender-multa","status":"publish","type":"post","link":"https:\/\/www.europesays.com\/pt\/230939\/","title":{"rendered":"Presidente do AEK pune jogadores e imp\u00f5e condi\u00e7\u00e3o para suspender multa"},"content":{"rendered":"<p>O <a class=\"autolink-enabled\" data-resource-id=\"550\" data-resource-type=\"team\" data-sport=\"football\" href=\"https:\/\/www.abola.pt\/futebol\/aek-550\" rel=\"nofollow noopener\" target=\"_blank\">AEK<\/a>, dos portugueses <a class=\"autolink-enabled\" data-resource-id=\"245771\" data-resource-type=\"player\" data-sport=\"football\" href=\"https:\/\/www.abola.pt\/futebol\/jogador\/filipe-relvas-245771\" rel=\"nofollow noopener\" target=\"_blank\">Filipe Relvas<\/a> e <a class=\"autolink-enabled\" data-resource-id=\"5254\" data-resource-type=\"player\" data-sport=\"football\" href=\"https:\/\/www.abola.pt\/futebol\/jogador\/joao-mario-5254\" rel=\"nofollow noopener\" target=\"_blank\">Jo\u00e3o M\u00e1rio<\/a>, acabou 2025 com uma s\u00e9rie de 10 vit\u00f3rias seguidas. A entrada no novo ano trouxe resultados diferentes \u2013 empate com <a class=\"autolink-enabled\" data-resource-id=\"549\" data-resource-type=\"team\" data-sport=\"football\" href=\"https:\/\/www.abola.pt\/futebol\/aris-549\" rel=\"nofollow noopener\" target=\"_blank\">Aris<\/a> e elimina\u00e7\u00e3o da Ta\u00e7a da Gr\u00e9cia frente ao OFI Crete \u2013, e uma medida dr\u00e1stica por parte do presidente Marios Iliopoulos. \u00a0<\/p>\n<p>O dirigente responsabilizou os jogadores pelo momento, impondo-lhes uma pesada multa de 400 mil euros, que s\u00f3 ser\u00e1 suspensa se o clube vencer os pr\u00f3ximos tr\u00eas jogos, todos para a Superliga grega: <a class=\"autolink-enabled\" data-resource-id=\"551\" data-resource-type=\"team\" data-sport=\"football\" href=\"https:\/\/www.abola.pt\/futebol\/panathinaikos-551\" rel=\"nofollow noopener\" target=\"_blank\">Panathinaikos<\/a> e <a class=\"autolink-enabled\" data-resource-id=\"554\" data-resource-type=\"team\" data-sport=\"football\" href=\"https:\/\/www.abola.pt\/futebol\/olympiakos-554\" rel=\"nofollow noopener\" target=\"_blank\">Olympiakos<\/a> em casa e <a class=\"autolink-enabled\" data-resource-id=\"558\" data-resource-type=\"team\" data-sport=\"football\" href=\"https:\/\/www.abola.pt\/futebol\/asteras-t-558\" rel=\"nofollow noopener\" target=\"_blank\">Asteras<\/a> Tripolis fora de portas.\u00a0<\/p>\n<p>Se o <a class=\"autolink-enabled\" data-resource-id=\"550\" data-resource-type=\"team\" data-sport=\"football\" href=\"https:\/\/www.abola.pt\/futebol\/aek-550\" rel=\"nofollow noopener\" target=\"_blank\">AEK<\/a> n\u00e3o sair vencedor das pr\u00f3ximas tr\u00eas partidas, parte do dinheiro da multa ser\u00e1 para a equipa amadora e o restante para uma institui\u00e7\u00e3o de caridade.\u00a0<\/p>\n<p>O <a target=\"_blank\" class=\"editor-link autolink-enabled\" href=\"https:\/\/www.abola.pt\/futebol\/aek-550\" data-resource-id=\"550\" data-resource-type=\"team\" data-sport=\"football\" rel=\"nofollow noopener\">AEK<\/a> ocupa o terceiro lugar da Superliga grega, com 38 pontos, os mesmos do que o <a target=\"_blank\" class=\"editor-link autolink-enabled\" href=\"https:\/\/www.abola.pt\/futebol\/paok-553\" data-resource-id=\"553\" data-resource-type=\"team\" data-sport=\"football\" rel=\"nofollow noopener\">PAOK<\/a>, e a um do l\u00edder <a target=\"_blank\" class=\"editor-link autolink-enabled\" href=\"https:\/\/www.abola.pt\/futebol\/olympiakos-554\" data-resource-id=\"554\" data-resource-type=\"team\" data-sport=\"football\" rel=\"nofollow noopener\">Olympiakos<\/a>.\u00a0<\/p>\n","protected":false},"excerpt":{"rendered":"O AEK, dos portugueses Filipe Relvas e Jo\u00e3o M\u00e1rio, acabou 2025 com uma s\u00e9rie de 10 vit\u00f3rias seguidas.&hellip;\n","protected":false},"author":2,"featured_media":230940,"comment_status":"","ping_status":"","sticky":false,"template":"","format":"standard","meta":{"footnotes":""},"categories":[50],"tags":[27,28,15,16,14,25,26,21,22,62,12,13,19,20,23,24,17,18,29,30,31,63,64,65],"class_list":{"0":"post-230939","1":"post","2":"type-post","3":"status-publish","4":"format-standard","5":"has-post-thumbnail","7":"category-mundo","8":"tag-breaking-news","9":"tag-breakingnews","10":"tag-featured-news","11":"tag-featurednews","12":"tag-headlines","13":"tag-latest-news","14":"tag-latestnews","15":"tag-main-news","16":"tag-mainnews","17":"tag-mundo","18":"tag-news","19":"tag-noticias","20":"tag-noticias-principais","21":"tag-noticiasprincipais","22":"tag-principais-noticias","23":"tag-principaisnoticias","24":"tag-top-stories","25":"tag-topstories","26":"tag-ultimas","27":"tag-ultimas-noticias","28":"tag-ultimasnoticias","29":"tag-world","30":"tag-world-news","31":"tag-worldnews"},"share_on_mastodon":{"url":"https:\/\/pubeurope.com\/@pt\/115902397944274431","error":""},"_links":{"self":[{"href":"https:\/\/www.europesays.com\/pt\/wp-json\/wp\/v2\/posts\/230939","targetHints":{"allow":["GET"]}}],"collection":[{"href":"https:\/\/www.europesays.com\/pt\/wp-json\/wp\/v2\/posts"}],"about":[{"href":"https:\/\/www.europesays.com\/pt\/wp-json\/wp\/v2\/types\/post"}],"author":[{"embeddable":true,"href":"https:\/\/www.europesays.com\/pt\/wp-json\/wp\/v2\/users\/2"}],"replies":[{"embeddable":true,"href":"https:\/\/www.europesays.com\/pt\/wp-json\/wp\/v2\/comments?post=230939"}],"version-history":[{"count":0,"href":"https:\/\/www.europesays.com\/pt\/wp-json\/wp\/v2\/posts\/230939\/revisions"}],"wp:featuredmedia":[{"embeddable":true,"href":"https:\/\/www.europesays.com\/pt\/wp-json\/wp\/v2\/media\/230940"}],"wp:attachment":[{"href":"https:\/\/www.europesays.com\/pt\/wp-json\/wp\/v2\/media?parent=230939"}],"wp:term":[{"taxonomy":"category","embeddable":true,"href":"https:\/\/www.europesays.com\/pt\/wp-json\/wp\/v2\/categories?post=230939"},{"taxonomy":"post_tag","embeddable":true,"href":"https:\/\/www.europesays.com\/pt\/wp-json\/wp\/v2\/tags?post=230939"}],"curies":[{"name":"wp","href":"https:\/\/api.w.org\/{rel}","templated":true}]}}