{"id":230945,"date":"2026-01-16T02:29:10","date_gmt":"2026-01-16T02:29:10","guid":{"rendered":"https:\/\/www.europesays.com\/pt\/230945\/"},"modified":"2026-01-16T02:29:10","modified_gmt":"2026-01-16T02:29:10","slug":"equipe-de-pedro-se-manifesta-sobre-comentarios-polemicos-sobre-traicao","status":"publish","type":"post","link":"https:\/\/www.europesays.com\/pt\/230945\/","title":{"rendered":"Equipe de Pedro se manifesta sobre coment\u00e1rios pol\u00eamicos sobre trai\u00e7\u00e3o"},"content":{"rendered":"<p>\n                        Nota divulgada no perfil oficial do brother busca esclarecer declara\u00e7\u00f5es e causou debates nas redes sociais\n                    <\/p>\n<ul class=\"article__header__author\">\n<li class=\"article__header__author__item\">\n                                                Por:<br \/>\n                                                                                    Juliana Gardesani \/ Contigo\n                                                                        <\/li>\n<\/ul>\n<p class=\"text\"><strong>Pedro Henrique<\/strong>, de 22 anos, participante do grupo Pipoca no BBB 26, tem sido alvo de coment\u00e1rios nas redes sociais ap\u00f3s mencionar, em diversas ocasi\u00f5es dentro do reality, uma fase em que traiu a esposa. Nesta quinta-feira (15), a equipe do curitibano se pronunciou para detalhar a situa\u00e7\u00e3o.<\/p>\n<p><img loading=\"lazy\" decoding=\"async\" alt=\"Pedro Henrique (Reprodu\u00e7\u00e3o\/Globo)\" class=\"img-b85d8947b5cd8859dcefc913a46056adqk28nh22\" height=\"435\" src=\"https:\/\/www.europesays.com\/pt\/wp-content\/uploads\/2026\/01\/1499664614-whatsapp-image-2026-01-15-at-183457.jpg\"  title=\"Pedro Henrique (Reprodu\u00e7\u00e3o\/Globo)\" width=\"774\"\/><\/p>\n<p>Pedro Henrique (Reprodu\u00e7\u00e3o\/Globo)<\/p>\n<p>Foto: Contigo<\/p>\n<p class=\"text\">Durante uma conversa com o colega Brigido, Pedro relatou a trai\u00e7\u00e3o pela primeira vez. &#8220;Minha esposa faz tudo pela fam\u00edlia. Ela aceitou uma situa\u00e7\u00e3o que eu nunca aceitaria, por causa da nossa fam\u00edlia, entendeu?&#8221;, disse.<\/p>\n<p class=\"text\">&#8220;Se ela pensar em conversar com algu\u00e9m&#8230; voc\u00ea v\u00ea como muda? Se eu pensar que ela est\u00e1 conversando com outro homem, acabou! Eu j\u00e1 tra\u00ed minha esposa e ela se sujeitou a aceitar isso por conta da nossa fam\u00edlia. Minha esposa \u00e9 muito fod*&#8221;, acrescentou, refor\u00e7ando a import\u00e2ncia da companheira em sua vida e que n\u00e3o toleraria uma trai\u00e7\u00e3o atualmente.<\/p>\n<p><strong>Leia a nota da equipe de Pedro:<\/strong><\/p>\n<p class=\"text\">&#8220;Temos acompanhado atentamente as falas e atitudes do Pedro dentro da casa e entendemos que algumas delas geraram inc\u00f4modo e cr\u00edticas, inclusive um coment\u00e1rio espec\u00edfico sobre um erro cometido em seu relacionamento.<\/p>\n<p class=\"text\">Sobre isso, \u00e9 importante esclarecer: o epis\u00f3dio citado por Pedro ocorreu no in\u00edcio do relacionamento, em um momento de imaturidade. Houve erro, houve dor, e houve tamb\u00e9m di\u00e1logo, perd\u00e3o e reconstru\u00e7\u00e3o. A esposa de Pedro o perdoou, e desde ent\u00e3o ele vem demonstrando, com atitudes, uma evolu\u00e7\u00e3o real como homem, companheiro e pai.<\/p>\n<p class=\"text\">Pedro \u00e9 jovem e est\u00e1 vivendo uma experi\u00eancia intensa, de alta press\u00e3o emocional. A ansiedade e a imaturidade est\u00e3o sendo, sim, seus maiores inimigos, n\u00e3o como justificativa, mas como parte do processo de aprendizado.<\/p>\n<p class=\"text\">O que sempre foi evidente \u00e9 que Pedro n\u00e3o usa m\u00e1scaras. Ele n\u00e3o tenta esconder seus erros, defeitos ou falhas. Ele se mostra como \u00e9, inclusive quando isso o coloca em posi\u00e7\u00e3o vulner\u00e1vel.<\/p>\n<p class=\"text\">Acreditamos que crescer tamb\u00e9m \u00e9 aprender com os pr\u00f3prios trope\u00e7os, ouvir cr\u00edticas e evoluir diariamente. Seguimos confiando no processo de amadurecimento do Pedro e na sua disposi\u00e7\u00e3o sincera de ser algu\u00e9m melhor&#8221;.<\/p>\n<blockquote class=\"instagram-media\" data-instgrm-captioned=\"\" data-instgrm-permalink=\"https:\/\/www.instagram.com\/p\/DTiXvI3jtgi\/?utm_source=ig_embed&amp;utm_campaign=loading\" data-instgrm-version=\"14\" style=\"background: #FFF; border: 0; border-radius: 3px; box-shadow: 0 0 1px 0 rgba(0,0,0,0.5),0 1px 10px 0 rgba(0,0,0,0.15); margin: 1px; max-width: 540px; min-width: 326px; padding: 0; width: calc(100% - 2px);\">\n<p>     Ver essa foto no Instagram <\/p>\n<p class=\"text\" style=\"color: #c9c8cd; font-family: Arial,sans-serif; font-size: 14px; line-height: 17px; margin-bottom: 0; margin-top: 8px; overflow: hidden; padding: 8px 0 7px; text-align: center; text-overflow: ellipsis; white-space: nowrap;\"><a href=\"https:\/\/www.instagram.com\/p\/DTiXvI3jtgi\/?utm_source=ig_embed&amp;utm_campaign=loading\" rel=\"noopener nofollow\" style=\"color: #c9c8cd; font-family: Arial,sans-serif; font-size: 14px; font-style: normal; font-weight: normal; line-height: 17px; text-decoration: none;\" target=\"_blank\">Um post compartilhado por Pedro Henrique Espindola \ud83c\udf39 (@pedroespindolap)<\/a><\/p>\n<\/blockquote>\n<p>                            <script async src=\"\/\/www.instagram.com\/embed.js\"><\/script><\/p>\n","protected":false},"excerpt":{"rendered":"Nota divulgada no perfil oficial do brother busca esclarecer declara\u00e7\u00f5es e causou debates nas redes sociais Por: Juliana&hellip;\n","protected":false},"author":2,"featured_media":230946,"comment_status":"","ping_status":"","sticky":false,"template":"","format":"standard","meta":{"footnotes":""},"categories":[142],"tags":[114,115,32,33,151],"class_list":{"0":"post-230945","1":"post","2":"type-post","3":"status-publish","4":"format-standard","5":"has-post-thumbnail","7":"category-tv","8":"tag-entertainment","9":"tag-entretenimento","10":"tag-portugal","11":"tag-pt","12":"tag-tv"},"share_on_mastodon":{"url":"https:\/\/pubeurope.com\/@pt\/115902425533690067","error":""},"_links":{"self":[{"href":"https:\/\/www.europesays.com\/pt\/wp-json\/wp\/v2\/posts\/230945","targetHints":{"allow":["GET"]}}],"collection":[{"href":"https:\/\/www.europesays.com\/pt\/wp-json\/wp\/v2\/posts"}],"about":[{"href":"https:\/\/www.europesays.com\/pt\/wp-json\/wp\/v2\/types\/post"}],"author":[{"embeddable":true,"href":"https:\/\/www.europesays.com\/pt\/wp-json\/wp\/v2\/users\/2"}],"replies":[{"embeddable":true,"href":"https:\/\/www.europesays.com\/pt\/wp-json\/wp\/v2\/comments?post=230945"}],"version-history":[{"count":0,"href":"https:\/\/www.europesays.com\/pt\/wp-json\/wp\/v2\/posts\/230945\/revisions"}],"wp:featuredmedia":[{"embeddable":true,"href":"https:\/\/www.europesays.com\/pt\/wp-json\/wp\/v2\/media\/230946"}],"wp:attachment":[{"href":"https:\/\/www.europesays.com\/pt\/wp-json\/wp\/v2\/media?parent=230945"}],"wp:term":[{"taxonomy":"category","embeddable":true,"href":"https:\/\/www.europesays.com\/pt\/wp-json\/wp\/v2\/categories?post=230945"},{"taxonomy":"post_tag","embeddable":true,"href":"https:\/\/www.europesays.com\/pt\/wp-json\/wp\/v2\/tags?post=230945"}],"curies":[{"name":"wp","href":"https:\/\/api.w.org\/{rel}","templated":true}]}}