{"id":230947,"date":"2026-01-16T02:32:16","date_gmt":"2026-01-16T02:32:16","guid":{"rendered":"https:\/\/www.europesays.com\/pt\/230947\/"},"modified":"2026-01-16T02:32:16","modified_gmt":"2026-01-16T02:32:16","slug":"fc-porto-com-boas-noticias-face-ao-jogo-contra-o-vitoria-sc","status":"publish","type":"post","link":"https:\/\/www.europesays.com\/pt\/230947\/","title":{"rendered":"FC Porto com boas not\u00edcias face ao jogo contra o Vit\u00f3ria SC"},"content":{"rendered":"<p>&#8211; Advertisement &#8211;<\/p>\n<p>Martim Fernandes e Jan Bednarek sa\u00edram do<a href=\"https:\/\/bolanarede.pt\/especial-bola-na-rede\/atualidade\/fc-porto-vence-benfica-pela-primeira-vez-na-temporada-e-segue-para-as-meias-finais-da-taca-de-portugal\/\" target=\"_blank\" rel=\"noreferrer noopener nofollow\"> encontro frente ao Benfica<\/a> com queixas, mas os dois elementos n\u00e3o correm risco de falhar a partida contra o Vit\u00f3ria SC, segundo o jornal O Jogo. O lateral direito fraturou o nariz logo no come\u00e7o da partida contra as \u00e1guias, ficando em campo at\u00e9 aos 70\u2032.<\/p>\n<p>J\u00e1 o central fez gelo no banco, depois de ter sa\u00eddo de campo aos 75\u2032, mas tudo n\u00e3o passou de um susto, encontrando-se apto para ajudar o FC Porto na pr\u00f3xima jornada da Primeira Liga. <\/p>\n<p>Ainda assim, Martim Fernandes ser\u00e1 reavaliado pelo departamento m\u00e9dico dos drag\u00f5es, de maneira a verificar se ter\u00e1 que atuar com uma m\u00e1scara. <\/p>\n","protected":false},"excerpt":{"rendered":"&#8211; Advertisement &#8211; Martim Fernandes e Jan Bednarek sa\u00edram do encontro frente ao Benfica com queixas, mas os&hellip;\n","protected":false},"author":2,"featured_media":230948,"comment_status":"","ping_status":"","sticky":false,"template":"","format":"standard","meta":{"footnotes":""},"categories":[87],"tags":[260,135,282,3360,9053,32,479,33,134,5321],"class_list":{"0":"post-230947","1":"post","2":"type-post","3":"status-publish","4":"format-standard","5":"has-post-thumbnail","7":"category-desporto","8":"tag-atualidade","9":"tag-desporto","10":"tag-fc-porto","11":"tag-jan-bednarek","12":"tag-martim-fernandes","13":"tag-portugal","14":"tag-primeira-liga","15":"tag-pt","16":"tag-sports","17":"tag-vitoria-sc"},"share_on_mastodon":{"url":"https:\/\/pubeurope.com\/@pt\/115902437663263475","error":""},"_links":{"self":[{"href":"https:\/\/www.europesays.com\/pt\/wp-json\/wp\/v2\/posts\/230947","targetHints":{"allow":["GET"]}}],"collection":[{"href":"https:\/\/www.europesays.com\/pt\/wp-json\/wp\/v2\/posts"}],"about":[{"href":"https:\/\/www.europesays.com\/pt\/wp-json\/wp\/v2\/types\/post"}],"author":[{"embeddable":true,"href":"https:\/\/www.europesays.com\/pt\/wp-json\/wp\/v2\/users\/2"}],"replies":[{"embeddable":true,"href":"https:\/\/www.europesays.com\/pt\/wp-json\/wp\/v2\/comments?post=230947"}],"version-history":[{"count":0,"href":"https:\/\/www.europesays.com\/pt\/wp-json\/wp\/v2\/posts\/230947\/revisions"}],"wp:featuredmedia":[{"embeddable":true,"href":"https:\/\/www.europesays.com\/pt\/wp-json\/wp\/v2\/media\/230948"}],"wp:attachment":[{"href":"https:\/\/www.europesays.com\/pt\/wp-json\/wp\/v2\/media?parent=230947"}],"wp:term":[{"taxonomy":"category","embeddable":true,"href":"https:\/\/www.europesays.com\/pt\/wp-json\/wp\/v2\/categories?post=230947"},{"taxonomy":"post_tag","embeddable":true,"href":"https:\/\/www.europesays.com\/pt\/wp-json\/wp\/v2\/tags?post=230947"}],"curies":[{"name":"wp","href":"https:\/\/api.w.org\/{rel}","templated":true}]}}