{"id":230955,"date":"2026-01-16T02:40:21","date_gmt":"2026-01-16T02:40:21","guid":{"rendered":"https:\/\/www.europesays.com\/pt\/230955\/"},"modified":"2026-01-16T02:40:21","modified_gmt":"2026-01-16T02:40:21","slug":"sophie-turner-vai-ser-a-iconica-lara-croft-na-serie-tomb-raider-e-primeira-imagem-ja-foi-revelada","status":"publish","type":"post","link":"https:\/\/www.europesays.com\/pt\/230955\/","title":{"rendered":"Sophie Turner vai ser a ic\u00f3nica Lara Croft na s\u00e9rie &#8220;Tomb Raider&#8221; e primeira imagem j\u00e1 foi revelada"},"content":{"rendered":"<p class=\"category\"><a href=\"https:\/\/sicnoticias.pt\/cultura\" rel=\"nofollow noopener\" target=\"_blank\">Cultura<\/a><\/p>\n<p>A Amazon MGN Studios partilhou uma foto a anunciar que a produ\u00e7\u00e3o da s\u00e9rie est\u00e1 em andamento, mas ainda n\u00e3o h\u00e1 previs\u00e3o para o lan\u00e7amento.<\/p>\n<p><img decoding=\"async\" src=\"https:\/\/www.europesays.com\/pt\/wp-content\/uploads\/2026\/01\/1768531221_245_original.webp\" alt=\"Sophie Turner vai ser a ic\u00f3nica Lara Croft na s\u00e9rie &quot;Tomb Raider&quot; e primeira imagem j\u00e1 foi revelada\"\/><\/p>\n<p>Reprodu\u00e7\u00e3o\/Instagram primevideo<\/p>\n<p><strong>A Prime Video partilhou a primeira imagem de Sophie Turner no papel da ic\u00f3nica Lara Croft. <\/strong><strong>A atriz vai encarnar a personagem na s\u00e9rie &#8220;Tomb Raider&#8221;.<\/strong><\/p>\n<p>A Amazon MGN Studios anunciou que a produ\u00e7\u00e3o est\u00e1 em andamento, mas <strong>ainda n\u00e3o h\u00e1 previs\u00e3o para o lan\u00e7amento.<\/strong><\/p>\n<p>Sophie Turner, atriz de &#8220;Game of Thrones&#8221;, conseguiu o papel de Lara Croft depois de uma longa e competitiva sele\u00e7\u00e3o. Vai contracenar com Sigourney Weaver, Jason Isaacs, Martin Bobb-Semple, Jack Bannon, John Heffernan, Bill Paterson, Paterson Joseph, Sasha Luss, Juliette Motamed, Celia Imrie e August Wittgenstein.<\/p>\n<p>A s\u00e9rie \u00e9 baseada na franquia <strong>Tom Raider, uma das mais ic\u00f3nicas e influentes na hist\u00f3ria dos videojogos<\/strong>, centrada nas aventuras da arque\u00f3loga brit\u00e2nica Lara Croft.<\/p>\n<p>Foi<strong> criada, escrita e produzida<\/strong><strong> <\/strong><strong>por Phoebe Waller-Bridge<\/strong>, com Chad Hodge, que tamb\u00e9m \u00e9 co-showrunner e produtor executivo. Jonathan Van Tulleken \u00e9 o diretor e produtor executivo.<\/p>\n","protected":false},"excerpt":{"rendered":"Cultura A Amazon MGN Studios partilhou uma foto a anunciar que a produ\u00e7\u00e3o da s\u00e9rie est\u00e1 em andamento,&hellip;\n","protected":false},"author":2,"featured_media":230956,"comment_status":"","ping_status":"","sticky":false,"template":"","format":"standard","meta":{"footnotes":""},"categories":[145],"tags":[211,210,114,115,32,33],"class_list":{"0":"post-230955","1":"post","2":"type-post","3":"status-publish","4":"format-standard","5":"has-post-thumbnail","7":"category-celebridades","8":"tag-celebridades","9":"tag-celebrities","10":"tag-entertainment","11":"tag-entretenimento","12":"tag-portugal","13":"tag-pt"},"share_on_mastodon":{"url":"https:\/\/pubeurope.com\/@pt\/115902468764132169","error":""},"_links":{"self":[{"href":"https:\/\/www.europesays.com\/pt\/wp-json\/wp\/v2\/posts\/230955","targetHints":{"allow":["GET"]}}],"collection":[{"href":"https:\/\/www.europesays.com\/pt\/wp-json\/wp\/v2\/posts"}],"about":[{"href":"https:\/\/www.europesays.com\/pt\/wp-json\/wp\/v2\/types\/post"}],"author":[{"embeddable":true,"href":"https:\/\/www.europesays.com\/pt\/wp-json\/wp\/v2\/users\/2"}],"replies":[{"embeddable":true,"href":"https:\/\/www.europesays.com\/pt\/wp-json\/wp\/v2\/comments?post=230955"}],"version-history":[{"count":0,"href":"https:\/\/www.europesays.com\/pt\/wp-json\/wp\/v2\/posts\/230955\/revisions"}],"wp:featuredmedia":[{"embeddable":true,"href":"https:\/\/www.europesays.com\/pt\/wp-json\/wp\/v2\/media\/230956"}],"wp:attachment":[{"href":"https:\/\/www.europesays.com\/pt\/wp-json\/wp\/v2\/media?parent=230955"}],"wp:term":[{"taxonomy":"category","embeddable":true,"href":"https:\/\/www.europesays.com\/pt\/wp-json\/wp\/v2\/categories?post=230955"},{"taxonomy":"post_tag","embeddable":true,"href":"https:\/\/www.europesays.com\/pt\/wp-json\/wp\/v2\/tags?post=230955"}],"curies":[{"name":"wp","href":"https:\/\/api.w.org\/{rel}","templated":true}]}}