{"id":230959,"date":"2026-01-16T02:46:15","date_gmt":"2026-01-16T02:46:15","guid":{"rendered":"https:\/\/www.europesays.com\/pt\/230959\/"},"modified":"2026-01-16T02:46:15","modified_gmt":"2026-01-16T02:46:15","slug":"jonas-vingegaard-o-joao-almeida-nunca-quebra","status":"publish","type":"post","link":"https:\/\/www.europesays.com\/pt\/230959\/","title":{"rendered":"Jonas Vingegaard: \u201cO Jo\u00e3o Almeida nunca quebra\u201d"},"content":{"rendered":"<p>Jonas Vingegaard e Jo\u00e3o Almeida medem for\u00e7as na Volta \u00e0 Catalunha e no Giro de It\u00e1lia. O TopCycling foi a Espanha ouvir o l\u00edder da Visma Lease a Bike.<\/p>\n<p>V\u00eam por a\u00ed mais duas batalhas entre <strong><a href=\"https:\/\/www.topcycling.pt\/opiniao-almeida-e-vingegaard-nao-mereciam-uma-vuelta-assim\/\" target=\"_blank\" rel=\"noreferrer noopener nofollow\">Jonas Vingegaard e Jo\u00e3o Almeida<\/a><\/strong>, que depois de se enfrentarem no <strong><a href=\"https:\/\/www.topcycling.pt\/vingegaard-bate-almeida-e-vence-a-volta-ao-algarve-2025\/\" target=\"_blank\" rel=\"noreferrer noopener nofollow\">Algarve<\/a><\/strong>, no <strong><a href=\"https:\/\/www.topcycling.pt\/paris-nice-joao-almeida-bota-lume-em-dia-gelado\/\" target=\"_blank\" rel=\"noreferrer noopener nofollow\">Paris-Nice<\/a><\/strong> e na <strong><a href=\"https:\/\/www.topcycling.pt\/vuelta-a-espanha-etapa-20-vingegaard-bate-almeida-a-campeao\/\" target=\"_blank\" rel=\"noreferrer noopener nofollow\">Vuelta<\/a><\/strong>, na \u00e9poca de 2025, v\u00e3o escrever mais um cap\u00edtulo no grande livro das rivalidades atuais.<\/p>\n<p>O dinamarqu\u00eas apareceu renovado no Media Day da Visma Lease a Bike, que decorreu em La Nuc\u00eda, na Comunidade Valenciana, e isso notou-se na postura corporal, na forma de comunicar com a imprensa e porque h\u00e1 coisas que se notam quando se est\u00e1 frente a frente com um atleta.<\/p>\n<p>Olhos nos olhos, respondeu a tudo, e \u00e0 pergunta do TopCycling, sobre se considera que j\u00e1 se pode falar em rivalidade com Jo\u00e3o Almeida, o campe\u00e3o da <strong><a href=\"https:\/\/www.topcycling.pt\/la-vuelta-26-o-percurso-para-joao-almeida-tentar-escrever-historia\/\" target=\"_blank\" rel=\"noreferrer noopener nofollow\">Vuelta a Espanha<\/a><\/strong> n\u00e3o hesitou.<\/p>\n<blockquote class=\"wp-block-quote\">\n<p>\u201cO Jo\u00e3o \u00e9 um dos melhores ciclistas do mundo. Vai estar muito forte no Giro. Vamos encontrar-nos tamb\u00e9m na Catalunha, por isso a prepara\u00e7\u00e3o para o Giro ser\u00e1 parecida. H\u00e1 uma rivalidade, claro. Gosto de correr contra ele, \u00e9 forte e bom tipo, gosto de conversar com ele.\u201d<\/p>\n<p>Jonas Vingegaard ao TopCycling.<\/p><\/blockquote>\n<p><strong><a href=\"https:\/\/www.topcycling.pt\/todos-os-novos-equipamentos-do-pelotao-worldtour-2026\/\" target=\"_blank\" rel=\"noreferrer noopener nofollow\">Todos os novos equipamentos do pelot\u00e3o WorldTour 2026<\/a><\/strong><\/p>\n<p><img decoding=\"async\" loading=\"lazy\" width=\"1500\" height=\"1000\" src=\"https:\/\/www.europesays.com\/pt\/wp-content\/uploads\/2026\/01\/almeida-vingegaard-vuelta-morredero-Unipublic-Cxcling-Creative-Agency.jpg\" alt=\"\" class=\"wp-image-54756\"  \/>Foto: Unipublic Cxcling Creative Agency<\/p>\n<p>Palavras simp\u00e1ticas para o rival portugu\u00eas<\/p>\n<p>\u00c9 curioso que na <strong><a href=\"https:\/\/www.topcycling.pt\/sera-que-a-quinta-joao-almeida-ganha-mesmo-o-giro-de-italia\/\" target=\"_blank\" rel=\"noreferrer noopener nofollow\">apresenta\u00e7\u00e3o da UAE Emirates<\/a><\/strong>, em dezembro, ainda nem Jonas Vingegaard tinha confirmado a estreia no Giro e j\u00e1 perguntavam ao craque de A dos Francos o que tinha aprendido acerca do advers\u00e1rio na passada Vuelta.<\/p>\n<p>A resposta de Jo\u00e3o Almeida foi clara: \u201cQuando arranca, arranca. Tamb\u00e9m me pode surpreender, por isso temos que estar atentos. Mas o principal \u00e9 estar forte, todos s\u00e3o bat\u00edveis e n\u00e3o tenho medo de ningu\u00e9m.\u201d<\/p>\n<p>Por parte do dinamarqu\u00eas, tamb\u00e9m houve palavras simp\u00e1ticas para o rival portugu\u00eas.<\/p>\n<blockquote class=\"wp-block-quote\">\n<p>\u201c\u00c9 muito forte mentalmente, nunca quebra. Mesmo que um dia o fa\u00e7a descolar \u00e9 duro abrir vantagem. Tens que lutar por isso. \u00c9 o mais importante, a for\u00e7a mental dele e o facto de nunca desistir.\u201d<\/p>\n<p>Jonas Vingegaard ao TopCycling.<\/p><\/blockquote>\n<p><strong><a href=\"https:\/\/www.topcycling.pt\/sera-que-a-quinta-joao-almeida-ganha-mesmo-o-giro-de-italia\/\" target=\"_blank\" rel=\"noreferrer noopener nofollow\">Ser\u00e1 que \u00e0 quinta Jo\u00e3o Almeida ganha mesmo o Giro de It\u00e1lia?<\/a><\/strong><\/p>\n<p><img decoding=\"async\" loading=\"lazy\" width=\"1080\" height=\"1080\" src=\"https:\/\/www.europesays.com\/pt\/wp-content\/uploads\/2026\/01\/Visma-Wout-Van-Aert-Vingegaard-World-Tour-2026.jpg\" alt=\"\" class=\"wp-image-57497\"  \/>Vingegaard e Van Aert v\u00e3o liderar a Visma em 2026.<br \/>Foto: Bram Berkien<\/p>\n<p>Dinamarqu\u00eas n\u00e3o teve medo de elevar a fasquia<\/p>\n<p>Claro que a grande rivalidade desta gera\u00e7\u00e3o, nas Grandes Voltas, tem sido entre Jonas Vingegaard e Tadej Pogacar. Se tudo decorrer com normalidade, voltar\u00e3o a encontrar-se no <strong><a href=\"https:\/\/www.topcycling.pt\/tour-de-france-2026-percurso-e-todas-as-etapas\/\" target=\"_blank\" rel=\"noreferrer noopener nofollow\">Tour de France<\/a><\/strong>.<\/p>\n<p>O dinamarqu\u00eas n\u00e3o teve medo de elevar a fasquia e tentar a dobradinha que o esloveno concluiu com \u00eaxito em 2024, o primeiro corredor desde Marco Pantani, em 1998, a ganhar Giro e Tour na mesma \u00e9poca,<\/p>\n<p>Aos 29 anos, finalmente vai cumprir o sonho de correr a \u201cCorsa Rosa\u201d, depois de anos a convencer a Visma a fazer uma pausa na f\u00f3rmula de sucesso encontrada para a prepara\u00e7\u00e3o do Tour de France.<\/p>\n<blockquote class=\"wp-block-quote\">\n<p>\u201cN\u00e3o digo que noutros anos n\u00e3o estava motivado, mas sinto uma nova energia que n\u00e3o sentia h\u00e1 anos. Vou ao Tour tamb\u00e9m mais motivado porque terei feito o Giro, a corrida que queria fazer. \u00c0s vezes precisas de coisas novas para aumentar a motiva\u00e7\u00e3o. Depois de ganhar o Tour e a Vuelta, quero ganhar o Giro. Nos \u00faltimos cinco anos fiz quase sempre o mesmo calend\u00e1rio.<\/p>\n<p>Jonas Vingegaard ao TopCycling.<\/p><\/blockquote>\n<p><img decoding=\"async\" loading=\"lazy\" width=\"1080\" height=\"1080\" src=\"https:\/\/www.europesays.com\/pt\/wp-content\/uploads\/2026\/01\/Visma-Wout-Van-Aert-Vingegaard-World-Tour-Simon-Yates-Jorgenson-Brennan.jpg\" alt=\"\" class=\"wp-image-57499\"  \/>Yates, \u00e0 direita, ainda fez a sess\u00e3o de fotos com o kit para 2026.<br \/>Foto: Bram Berkien<\/p>\n<p>\u201cO Simon Yates ia ter um papel muito importante no Tour\u201d<\/p>\n<p>O bicampe\u00e3o do Tour, em 2022 e 2023, sabe que n\u00e3o pode entrar numa corrida a pensar na outra, mas a decis\u00e3o foi meditada e resultou de dados prometedores.<\/p>\n<p>Em 2023, por exemplo, Vingegaard venceu o Tour e foi 2\u00ba na Vuelta, resultados que inverteu em 2025 nas mesmas provas.<\/p>\n<p>A favorecer o enlace Giro-Tour est\u00e1 ainda o facto de haver cinco semanas para recuperar, mais uma do que as habituais quatro semanas que separam Tour e Vuelta.<\/p>\n<blockquote class=\"wp-block-quote\">\n<p>\u201cO Tour \u00e9 a maior corrida do mundo e o grande objetivo, mas tamb\u00e9m podemos ter outros objetivos equiparados e eu quero ganhar o Giro. Acredito que \u00e9 poss\u00edvel ganhar ambos. Em 2023 fiz Tour e Vuelta, acabei 2\u00ba na Vuelta, mas estava at\u00e9 num n\u00edvel superior ao do Tour. Fez-me logo pensar que era poss\u00edvel fazer Giro e Tour. Acreditamos que posso ser ainda melhor no Tour quando fizer o Giro; analisamos os watts de [2023] e vimos que n\u00e3o pioro, bem pelo contr\u00e1rio.\u201d<\/p>\n<p>Jonas Vingegaard ao TopCycling.<\/p><\/blockquote>\n<p>Em It\u00e1lia vai contar com uma das caras novas da Visma, o italiano Davide Piganzoli, ex-Polti que fechou 12\u00ba na edi\u00e7\u00e3o passada. Tamb\u00e9m Wilco Keldermann acompanhar\u00e1 Jonas Vingegaard.<\/p>\n<p>Para o Tour as escolhas ser\u00e3o mais sens\u00edveis, mas o refor\u00e7o Bruno Armirail \u00e9 um todo-o-terreno que vai ajudar em Fran\u00e7a. No entanto, h\u00e1 um elemento insubstitu\u00edvel, Simon Yates, que no Natal surpreendeu os colegas e a dire\u00e7\u00e3o da Visma <strong><a href=\"https:\/\/www.topcycling.pt\/simon-yates-anuncia-retirada-do-ciclismo\/\" target=\"_blank\" rel=\"noreferrer noopener nofollow\">anunciando a retirada<\/a><\/strong>.<\/p>\n<blockquote class=\"wp-block-quote\">\n<p>\u201c\u00c9 uma grande contrariedade para n\u00f3s, o Simon Yates ia ter um papel muito importante no Tour, mas tenho muito respeito pela decis\u00e3o dele porque n\u00e3o veio do nada. Perdeu a motiva\u00e7\u00e3o e este desporto \u00e9 duro, exigente, tamb\u00e9m para mim. J\u00e1 estive perto do burnout. Levamo-nos ao limite, temos que estar sempre prontos para competir, corremos para ganhar, a press\u00e3o \u00e9 maior sobre os corredores. N\u00e3o atribuiria a culpa \u00e0 equipa, tamb\u00e9m cabe aos corredores expressar \u00e0 equipa quando \u00e9 demais e pedir mudan\u00e7as. Foi o que o Simon fez, pensou nele.\u201d<\/p>\n<p>Jonas Vingegaard ao TopCycling.<\/p><\/blockquote>\n<p>O facto de ter um calend\u00e1rio \u201cmagro\u201d at\u00e9 maio n\u00e3o tem a ver com uma eventual sobrecarga mental, mas pelo facto de enla\u00e7ar Giro e Tour.<\/p>\n<p>Um programa leve na primavera maximizar\u00e1 as probabilidades de um bom resultado na dobradinha, que durante anos ningu\u00e9m se atreveu a tentar.<\/p>\n<p>Ap\u00f3s o Tour logo se v\u00ea. O dinamarqu\u00eas sente que o Mundial tem um percurso apelativo, pelo que n\u00e3o descarta ir a Montreal, embora n\u00e3o se comprometa.<\/p>\n<p>Confere o calend\u00e1rio de Jonas Vingegaard em 2026.<\/p>\n<ul>\n<li><strong>UAE Tour<\/strong><\/li>\n<li><strong>Volta \u00e0 Catalunha<\/strong><\/li>\n<li><strong>Est\u00e1gio em altitude<\/strong><\/li>\n<li><strong>Giro de It\u00e1lia<\/strong><\/li>\n<\/ul>\n<p><strong><a href=\"https:\/\/www.topcycling.pt\/ricardo-scheidecker-e-preciso-lideres-com-sentido-de-estado\/\" target=\"_blank\" rel=\"noreferrer noopener nofollow\">Entrevista | Ricardo Scheidecker: \u201c\u00c9 preciso l\u00edderes com sentido de Estado\u201d<\/a><\/strong><\/p>\n<p>Este \u00e9 um artigo premium subscritor.&#13;<br \/>\nSubscreve a nossa Newsletter, \u00e9 gr\u00e1tis, tens acesso a todo o conte\u00fado e est\u00e1s a apoiar o projeto.<\/p>\n","protected":false},"excerpt":{"rendered":"Jonas Vingegaard e Jo\u00e3o Almeida medem for\u00e7as na Volta \u00e0 Catalunha e no Giro de It\u00e1lia. O TopCycling&hellip;\n","protected":false},"author":2,"featured_media":230960,"comment_status":"","ping_status":"","sticky":false,"template":"","format":"standard","meta":{"footnotes":""},"categories":[87],"tags":[135,10298,10299,13,32,11505,33,134,12906],"class_list":{"0":"post-230959","1":"post","2":"type-post","3":"status-publish","4":"format-standard","5":"has-post-thumbnail","7":"category-desporto","8":"tag-desporto","9":"tag-estrada","10":"tag-joao-almeida","11":"tag-noticias","12":"tag-portugal","13":"tag-premium","14":"tag-pt","15":"tag-sports","16":"tag-world-tour"},"share_on_mastodon":{"url":"https:\/\/pubeurope.com\/@pt\/115902492399826460","error":""},"_links":{"self":[{"href":"https:\/\/www.europesays.com\/pt\/wp-json\/wp\/v2\/posts\/230959","targetHints":{"allow":["GET"]}}],"collection":[{"href":"https:\/\/www.europesays.com\/pt\/wp-json\/wp\/v2\/posts"}],"about":[{"href":"https:\/\/www.europesays.com\/pt\/wp-json\/wp\/v2\/types\/post"}],"author":[{"embeddable":true,"href":"https:\/\/www.europesays.com\/pt\/wp-json\/wp\/v2\/users\/2"}],"replies":[{"embeddable":true,"href":"https:\/\/www.europesays.com\/pt\/wp-json\/wp\/v2\/comments?post=230959"}],"version-history":[{"count":0,"href":"https:\/\/www.europesays.com\/pt\/wp-json\/wp\/v2\/posts\/230959\/revisions"}],"wp:featuredmedia":[{"embeddable":true,"href":"https:\/\/www.europesays.com\/pt\/wp-json\/wp\/v2\/media\/230960"}],"wp:attachment":[{"href":"https:\/\/www.europesays.com\/pt\/wp-json\/wp\/v2\/media?parent=230959"}],"wp:term":[{"taxonomy":"category","embeddable":true,"href":"https:\/\/www.europesays.com\/pt\/wp-json\/wp\/v2\/categories?post=230959"},{"taxonomy":"post_tag","embeddable":true,"href":"https:\/\/www.europesays.com\/pt\/wp-json\/wp\/v2\/tags?post=230959"}],"curies":[{"name":"wp","href":"https:\/\/api.w.org\/{rel}","templated":true}]}}