{"id":230979,"date":"2026-01-16T03:06:27","date_gmt":"2026-01-16T03:06:27","guid":{"rendered":"https:\/\/www.europesays.com\/pt\/230979\/"},"modified":"2026-01-16T03:06:27","modified_gmt":"2026-01-16T03:06:27","slug":"cedro-de-runa-em-torres-vedras-eleito-arvore-do-ano-em-portugal-arvores","status":"publish","type":"post","link":"https:\/\/www.europesays.com\/pt\/230979\/","title":{"rendered":"Cedro de Runa, em Torres Vedras, eleito \u00c1rvore do Ano em Portugal | \u00c1rvores"},"content":{"rendered":"<p>Um cedro com 75 anos, plantado na freguesia de Runa, concelho de Torres Vedras, foi eleito \u00c1rvore do Ano 2026. A \u00e1rvore, que sobreviveu gra\u00e7as aos cuidados de um habitante local, venceu a edi\u00e7\u00e3o deste ano com uma vota\u00e7\u00e3o expressiva, e ir\u00e1 representar Portugal no concurso europeu j\u00e1 no pr\u00f3ximo m\u00eas.<\/p>\n<p>Numa edi\u00e7\u00e3o que registou um recorde de participa\u00e7\u00f5es, com um total de 51 candidaturas e mais de 18 mil votos contabilizados, o cedro da igreja de Runa destacou-se n\u00e3o s\u00f3 pela sua impon\u00eancia, mas tamb\u00e9m pela sua <a href=\"https:\/\/www.publico.pt\/2023\/03\/21\/azul\/reportagem\/arvores-monumentais-historias-tres-gigantes-verdes-portugal-2042772\" rel=\"nofollow noopener\" target=\"_blank\">hist\u00f3ria de resili\u00eancia<\/a>.<\/p>\n<p>A candidatura deste cedro-do-bu\u00e7aco (Cupressus lusitanica) foi a \u00fanica proposta da regi\u00e3o oeste a chegar \u00e0 fase final do concurso, acabando por superar a \u00e1rvore-da-borracha-australiana de Ponta Delgada (2.\u00ba lugar) e a canforeira de Bencanta em Coimbra (3.\u00ba lugar).<\/p>\n<p>Protec\u00e7\u00e3o do sr. Alfredo<\/p>\n<p>Mais do que um elemento natural, o cedro da igreja da aldeia de Runa \u00e9 descrito como um s\u00edmbolo da comunidade. Plantado no in\u00edcio da d\u00e9cada de 1950 por Alfredo Cebola, um funcion\u00e1rio da junta de freguesia, o esp\u00e9cime era \u201cinicialmente fr\u00e1gil e amarelado\u201d, descreve o comunicado da Uni\u00e3o da Floresta Mediterr\u00e2nica (UNAC)\u200b.<\/p>\n<p>Contra todas as expectativas, e fruto da protec\u00e7\u00e3o dedicada daquele que o plantou, a \u00e1rvore vingou e \u201ctornou-se, ao longo das d\u00e9cadas, parte essencial da hist\u00f3ria e da identidade da aldeia de Runa\u201d, destaca o comunicado.<\/p>\n<p>O cedro testemunhou, ao longo de d\u00e9cadas, \u201cpartidas e regressos, celebra\u00e7\u00f5es e sil\u00eancios\u201d, afirmando-se hoje como um \u201cponto de encontro da saudade e dos abra\u00e7os de gera\u00e7\u00f5es de runenses\u201d, descreve a entidade organizadora\u200b. A Junta de Freguesia de Runa, promotora da candidatura, sublinha que a \u00e1rvore merece esta afirma\u00e7\u00e3o como \u00edcone do concelho de Torres Vedras.<\/p>\n<p>Sob os holofotes da Europa<\/p>\n<p>O cedro de Runa vai agora representar as cores nacionais na fase europeia do concurso, European Tree of the Year, que decorre em Fevereiro, competindo com as \u00e1rvores eleitas nos restantes 15 pa\u00edses participantes.<\/p>\n<p>A competi\u00e7\u00e3o, dinamizada desde 2011 pela Environmental Partnership Association (EPA), organiza\u00e7\u00e3o que actua em seis pa\u00edses da Europa Central e Oriental, visa valorizar as \u00e1rvores como patrim\u00f3nio natural e cultural.<\/p>\n<p>A UNAC recorda que o crit\u00e9rio n\u00e3o \u00e9 distinguir a \u00e1rvore \u201cmais bonita\u201d, mas sim aquela cuja hist\u00f3ria est\u00e1 mais <a href=\"https:\/\/www.publico.pt\/2023\/03\/21\/azul\/reportagem\/arvores-monumentais-historias-tres-gigantes-verdes-portugal-2042772\" rel=\"nofollow noopener\" target=\"_blank\">profundamente enraizada na comunidade<\/a> e na vida dos seus habitantes.<\/p>\n<p>Historial de sucesso<\/p>\n<p>A iniciativa europeia consciencializa anualmente milhares de pessoas para a import\u00e2ncia dos servi\u00e7os de ecossistema. Portugal tem um historial relevante nesta iniciativa: logo em 2018, ano em que a UNAC assumiu a organiza\u00e7\u00e3o nacional, o \u201c<a href=\"https:\/\/www.publico.pt\/2023\/03\/21\/azul\/video\/sobreiro-assobiador-20230317-193042\" rel=\"nofollow noopener\" target=\"_blank\">Sobreiro Assobiador<\/a>\u201d, em \u00c1guas de Moura, Palmela, venceu o concurso europeu.<\/p>\n<p>J\u00e1 na edi\u00e7\u00e3o anterior, Portugal alcan\u00e7ou o segundo lugar com a <a href=\"https:\/\/www.publico.pt\/2024\/12\/17\/azul\/noticia\/figueira-amores-coimbra-eleita-arvore-ano-portugal-2116041\" rel=\"nofollow noopener\" target=\"_blank\">Figueira dos Amores<\/a>, situada na Quinta das L\u00e1grimas, em Coimbra, ficando apenas atr\u00e1s de uma <a href=\"https:\/\/www.publico.pt\/2025\/03\/20\/azul\/noticia\/arvore-europeia-ano-venceu-faia-polonia-figueira-amores-coimbra-segundo-lugar-2126670\" rel=\"nofollow noopener\" target=\"_blank\">faia polaca<\/a>.<\/p>\n","protected":false},"excerpt":{"rendered":"Um cedro com 75 anos, plantado na freguesia de Runa, concelho de Torres Vedras, foi eleito \u00c1rvore do&hellip;\n","protected":false},"author":2,"featured_media":230980,"comment_status":"","ping_status":"","sticky":false,"template":"","format":"standard","meta":{"footnotes":""},"categories":[10],"tags":[964,9409,785,2780,27,28,15,16,7954,14,25,26,352,21,22,1009,12,13,19,20,32,23,24,33,17,18,37529,29,30,31],"class_list":{"0":"post-230979","1":"post","2":"type-post","3":"status-publish","4":"format-standard","5":"has-post-thumbnail","7":"category-portugal","8":"tag-ambiente","9":"tag-arvores","10":"tag-azul","11":"tag-biodiversidade","12":"tag-breaking-news","13":"tag-breakingnews","14":"tag-featured-news","15":"tag-featurednews","16":"tag-florestas","17":"tag-headlines","18":"tag-latest-news","19":"tag-latestnews","20":"tag-local","21":"tag-main-news","22":"tag-mainnews","23":"tag-natureza","24":"tag-news","25":"tag-noticias","26":"tag-noticias-principais","27":"tag-noticiasprincipais","28":"tag-portugal","29":"tag-principais-noticias","30":"tag-principaisnoticias","31":"tag-pt","32":"tag-top-stories","33":"tag-topstories","34":"tag-torres-vedras","35":"tag-ultimas","36":"tag-ultimas-noticias","37":"tag-ultimasnoticias"},"share_on_mastodon":{"url":"https:\/\/pubeurope.com\/@pt\/115902570993954897","error":""},"_links":{"self":[{"href":"https:\/\/www.europesays.com\/pt\/wp-json\/wp\/v2\/posts\/230979","targetHints":{"allow":["GET"]}}],"collection":[{"href":"https:\/\/www.europesays.com\/pt\/wp-json\/wp\/v2\/posts"}],"about":[{"href":"https:\/\/www.europesays.com\/pt\/wp-json\/wp\/v2\/types\/post"}],"author":[{"embeddable":true,"href":"https:\/\/www.europesays.com\/pt\/wp-json\/wp\/v2\/users\/2"}],"replies":[{"embeddable":true,"href":"https:\/\/www.europesays.com\/pt\/wp-json\/wp\/v2\/comments?post=230979"}],"version-history":[{"count":0,"href":"https:\/\/www.europesays.com\/pt\/wp-json\/wp\/v2\/posts\/230979\/revisions"}],"wp:featuredmedia":[{"embeddable":true,"href":"https:\/\/www.europesays.com\/pt\/wp-json\/wp\/v2\/media\/230980"}],"wp:attachment":[{"href":"https:\/\/www.europesays.com\/pt\/wp-json\/wp\/v2\/media?parent=230979"}],"wp:term":[{"taxonomy":"category","embeddable":true,"href":"https:\/\/www.europesays.com\/pt\/wp-json\/wp\/v2\/categories?post=230979"},{"taxonomy":"post_tag","embeddable":true,"href":"https:\/\/www.europesays.com\/pt\/wp-json\/wp\/v2\/tags?post=230979"}],"curies":[{"name":"wp","href":"https:\/\/api.w.org\/{rel}","templated":true}]}}