{"id":230983,"date":"2026-01-16T03:11:12","date_gmt":"2026-01-16T03:11:12","guid":{"rendered":"https:\/\/www.europesays.com\/pt\/230983\/"},"modified":"2026-01-16T03:11:12","modified_gmt":"2026-01-16T03:11:12","slug":"vem-ai-em-amor-a-prova-sara-trata-mal-a-mae-de-cris-novelas","status":"publish","type":"post","link":"https:\/\/www.europesays.com\/pt\/230983\/","title":{"rendered":"Vem a\u00ed em \u00abAmor \u00e0 Prova\u00bb: Sara trata mal a m\u00e3e de Cris &#8211; Novelas"},"content":{"rendered":"<p>Em \u00abAmor \u00c0 Prova\u00bb, <a href=\"https:\/\/tvi.iol.pt\/novelas\/videos\/amor-a-prova-sara-pede-cris-em-casamento\/695e88f90cf22dd7c7f51547\" rel=\"nofollow noopener\" target=\"_blank\">Sara (Joana de Verona)<\/a>\u00a0desabafa com Melanie (Beatriz Costa) sobre <a href=\"https:\/\/tvi.iol.pt\/novelas\/videos\/amor-a-prova-cris-fica-um-farrapo-a-unica-coisa-que-quero-e-ser-outra-pessoa\/695e88dc0cf2b450a146723c\" rel=\"nofollow noopener\" target=\"_blank\">Cris (Jos\u00e9 Condessa)<\/a>\u00a0ter ido jantar com <a href=\"https:\/\/tvi.iol.pt\/novelas\/videos\/amor-a-prova-nico-sofre-um-acidente-enquanto-festeja-o-seu-aniversario\/695b90820cf2c7eb24469b0d\" rel=\"nofollow noopener\" target=\"_blank\">Nico (Salvador Biernat)<\/a>\u00a0e a fam\u00edlia. Melanie acha importante saber se <a href=\"https:\/\/tvi.iol.pt\/novelas\/videos\/amor-a-prova-andre-da-uma-grande-licao-a-cris\/695bfd260cf28fe4304aaf38\" rel=\"nofollow noopener\" target=\"_blank\">Andr\u00e9 (Lucas Dutra)<\/a>\u00a0mentiu para proteger o irm\u00e3o ou se Cris mentiu a Andr\u00e9. Sara sente que Cris n\u00e3o est\u00e1 a rumar no mesmo sentido que ela.<\/p>\n<p><a href=\"https:\/\/tvi.iol.pt\/novelas\/videos\/amor-a-prova-nelson-afasta-cris-estas-suspenso\/695b90630cf229bd2f8f91d9\" rel=\"nofollow noopener\" target=\"_blank\">Nelson (Fernando Rodrigues) <\/a>conta \u00e0 filha que foi ele que levou S\u00e3o \u00e0 cl\u00ednica. S\u00e3o assume que foi \u00e0 cl\u00ednica para ver o neto e Andr\u00e9 explica-lhe que n\u00e3o foi o mais correto.<\/p>\n<p>Sara chega furiosa e quer saber se Andr\u00e9 sabia onde Cris tinha ido ontem. Ele diz que sabia e teve de improvisar. Sara repreende S\u00e3o por ter ido \u00e0 cl\u00ednica e ainda ter envolvido o seu pai. Sara acha que todos querem arruinar o seu noivado.<\/p>\n<p>Recorde-se que, na realidade, S\u00e3o n\u00e3o tem f\u00e9 no noivado:<\/p>\n","protected":false},"excerpt":{"rendered":"Em \u00abAmor \u00c0 Prova\u00bb, Sara (Joana de Verona)\u00a0desabafa com Melanie (Beatriz Costa) sobre Cris (Jos\u00e9 Condessa)\u00a0ter ido jantar&hellip;\n","protected":false},"author":2,"featured_media":230984,"comment_status":"","ping_status":"","sticky":false,"template":"","format":"standard","meta":{"footnotes":"","_share_on_mastodon":"0"},"categories":[142],"tags":[160,166,114,115,7567,157,167,42503,164,43311,161,158,165,159,32,33,156,36920,163,151,162],"class_list":["post-230983","post","type-post","status-publish","format-standard","has-post-thumbnail","category-tv","tag-ana-guiomar","tag-cristina-ferreira","tag-entertainment","tag-entretenimento","tag-fernando-rodrigues","tag-festa-e-festa","tag-ficcao","tag-joana-de-verona","tag-jose-fidalgo","tag-lucas-dutra","tag-novelas","tag-para-sempre","tag-pedro-sousa","tag-pedro-teixeira","tag-portugal","tag-pt","tag-queridos-papas","tag-sofia-grillo","tag-tiago-teotonio-pereira","tag-tv","tag-tvi"],"share_on_mastodon":{"url":"https:\/\/pubeurope.com\/@pt\/115902590665487393","error":""},"_links":{"self":[{"href":"https:\/\/www.europesays.com\/pt\/wp-json\/wp\/v2\/posts\/230983","targetHints":{"allow":["GET"]}}],"collection":[{"href":"https:\/\/www.europesays.com\/pt\/wp-json\/wp\/v2\/posts"}],"about":[{"href":"https:\/\/www.europesays.com\/pt\/wp-json\/wp\/v2\/types\/post"}],"author":[{"embeddable":true,"href":"https:\/\/www.europesays.com\/pt\/wp-json\/wp\/v2\/users\/2"}],"replies":[{"embeddable":true,"href":"https:\/\/www.europesays.com\/pt\/wp-json\/wp\/v2\/comments?post=230983"}],"version-history":[{"count":0,"href":"https:\/\/www.europesays.com\/pt\/wp-json\/wp\/v2\/posts\/230983\/revisions"}],"wp:featuredmedia":[{"embeddable":true,"href":"https:\/\/www.europesays.com\/pt\/wp-json\/wp\/v2\/media\/230984"}],"wp:attachment":[{"href":"https:\/\/www.europesays.com\/pt\/wp-json\/wp\/v2\/media?parent=230983"}],"wp:term":[{"taxonomy":"category","embeddable":true,"href":"https:\/\/www.europesays.com\/pt\/wp-json\/wp\/v2\/categories?post=230983"},{"taxonomy":"post_tag","embeddable":true,"href":"https:\/\/www.europesays.com\/pt\/wp-json\/wp\/v2\/tags?post=230983"}],"curies":[{"name":"wp","href":"https:\/\/api.w.org\/{rel}","templated":true}]}}