{"id":231019,"date":"2026-01-16T03:50:38","date_gmt":"2026-01-16T03:50:38","guid":{"rendered":"https:\/\/www.europesays.com\/pt\/231019\/"},"modified":"2026-01-16T03:50:38","modified_gmt":"2026-01-16T03:50:38","slug":"o-leblon-sem-ele-parece-vazio","status":"publish","type":"post","link":"https:\/\/www.europesays.com\/pt\/231019\/","title":{"rendered":"&#8216;O Leblon sem ele parece vazio&#8217;"},"content":{"rendered":"\n<p class=\" content-text__container theme-color-primary-first-letter\" data-track-category=\"Link no Texto\" data-track-links=\"\"> Em uma homenagem a <a class=\"\" href=\"https:\/\/oglobo.globo.com\/tudo-sobre\/personalidade\/manoel-carlos\" rel=\"nofollow noopener\" target=\"_blank\">Manoel Carlos<\/a>, a neta Sofia Frank contou um pouco sobre como era o famoso autor de novelas em sua vida pessoal, em casa, cerca pela fam\u00edlia. Na publica\u00e7\u00e3o em seu perfil no Instagram, Sofia colocou um texto acompanhado por cinco fotos, tr\u00eas delas ao lado do &#8220;vov\u00f4 Marreco&#8221;, como revelou que o chamava na inf\u00e2ncia, e outras duas de dedicat\u00f3rias em livros. <\/p>\n<ul class=\"content-unordered-list\">\n<li><strong>Por que Lilia Cabral nunca foi Helena?<\/strong> <a class=\"\" href=\"https:\/\/oglobo.globo.com\/cultura\/noticia\/2026\/01\/13\/por-que-lilia-cabral-nunca-foi-helena-a-carta-de-manoel-carlos-que-explica-a-ausencia-mais-simbolica-de-sua-obra-video.ghtml\" rel=\"nofollow noopener\" target=\"_blank\">A carta de Manoel Carlos que explica a aus\u00eancia mais simb\u00f3lica de sua obra; v\u00eddeo<\/a><\/li>\n<li><strong>Artigo:<\/strong> <a class=\"\" href=\"https:\/\/oglobo.globo.com\/cultura\/televisao\/noticia\/2026\/01\/14\/manoel-carlos-fez-do-leblon-um-mundo-com-cronicas-do-cotidiano-inspirado-em-balzac-dostoievski-e-machado.ghtml\" rel=\"nofollow noopener\" target=\"_blank\">Manoel Carlos fez do Leblon um mundo com &#8216;cr\u00f4nicas do cotidiano&#8217;, inspirado em Balzac, Dostoi\u00e9vski e Machado<\/a><\/li>\n<\/ul>\n<p class=\" content-text__container \" data-track-category=\"Link no Texto\" data-track-links=\"\"> Sofia, de 24 anos, \u00e9 filha Maria Carolina, do segundo casamento de Maneco. Na homenagem, a jovem lembra de acompanhar o av\u00f4 trabalhando, como reuni\u00f5es sobre as novelas em produ\u00e7\u00e3o e do autor trabalhando na escrita de seus textos em casa. At\u00e9 mesmo o bairro na Zona Sul do Rio, o Leblon, eternizado em suas obras de dramaturgia, foi lembrado. <\/p>\n<p class=\" content-text__container \" data-track-category=\"Link no Texto\" data-track-links=\"\"> &#8220;Eu ainda n\u00e3o sei o que dizer sobre a morte do vov\u00f4 Maneco (ou vov\u00f4 marreco, como eu o chamava quando eu era crian\u00e7a). \u00c9 imposs\u00edvel falar de forma coesa e coerente tudo o que ele representa para mim. Ele escreveu quem eu sou. O meu mundo inteiro \u00e9 visto e vivido a partir de uma maneira como ele escreveu&#8221;, come\u00e7a a jovem em seu texto. <\/p>\n<p class=\" content-text__container \" data-track-category=\"Link no Texto\" data-track-links=\"\"> Sofia lembra da contribui\u00e7\u00e3o do av\u00ea para a teledramaturgia brasileira: &#8220;Vi muita gente dizendo que ele era o av\u00f4 de todo noveleiro, e eu fico muito muito feliz de ter podido compartilhar, mesmo que um pouquinho, desse imenso privil\u00e9gio que foi ser sua neta. As hist\u00f3rias, tanto as das novelas quanto as das anedotas, v\u00e3o deixar um vazio impreench\u00edvel. As tiradas, o humor, o olhar dele. Ele dizia: \u201cSofia, voc\u00ea \u00e9 fotog\u00eanica, e isso resolve metade dos problemas da vida\u201d. Dizia tamb\u00e9m que eu seria uma boa Of\u00e9lia, uma boa Anita.&#8221; <\/p>\n<ul class=\"content-unordered-list\">\n<li><strong>Homenagem:<\/strong> <a class=\"\" href=\"https:\/\/oglobo.globo.com\/rio\/noticia\/2026\/01\/13\/manoel-carlos-vira-nome-de-praca-no-leblon.ghtml\" rel=\"nofollow noopener\" target=\"_blank\">Manoel Carlos vira nome de pra\u00e7a no Leblon<\/a><\/li>\n<\/ul>\n<p class=\" content-text__container \" data-track-category=\"Link no Texto\" data-track-links=\"\"> A jovem lembra de sempre querer estar junto a ele: &#8220;Quando crian\u00e7a, eu queria ir a todas as reuni\u00f5es das novelas com as colaboradoras. Meu av\u00f4 me pedia para cantar Maysa, e com oito anos eu ia l\u00e1 e cantava Meu Mundo Caiu. Eu amava tudo naquele mundo e amava porque era o mundo dele&#8221;. <\/p>\n<p class=\" content-text__container \" data-track-category=\"Link no Texto\" data-track-links=\"\"> Sofia tamb\u00e9m falou sobre os conselhos que recebeu, como na adolesc\u00eancia. E relatou, brevemente, um caso: &#8220;J\u00e1 na adolesc\u00eancia, numa fase meio imprudente, postei uma foto com um copo de vodka. Ele me respondeu por e-mail. O assunto era: &#8216;Pense bem nisso&#8217;. No corpo do texto, escreveu: &#8216;Sofia, uma menina que se respeite n\u00e3o posa nem com um copo de leite&#8217;.&#8221; <\/p>\n<p class=\" content-text__container \" data-track-category=\"Link no Texto\" data-track-links=\"\"> O texto encerra com mais lembran\u00e7as: <\/p>\n<p class=\" content-text__container \" data-track-category=\"Link no Texto\" data-track-links=\"\"> &#8220;Que saudade de cada caf\u00e9 na Argumento, de cada tarde ouvindo a r\u00e1dio de m\u00fasica cl\u00e1ssica da NET com ele na sala. Ele trabalhando no escrit\u00f3rio, porta aberta, enquanto eu tirava uma soneca no sof\u00e1, ao som dele escrevendo. O Leblon sem ele parece vazio. \u00c9 imposs\u00edvel imaginar um mundo p\u00f3s-vov\u00f4 Maneco, mesmo j\u00e1 vivendo nele.&#8221; <\/p>\n<p>     As Helenas de Manoel Carlos           <img decoding=\"async\" id=\"image-id-tumb-b08f7782-23d7-4111-bca4-74bd2e3ca5e3\" alt=\"A atriz L\u00edlian Lemmertz protagonizou a primeira Helena de Manoel Carlos, em Baila Comigo (1981) \u2014 Foto: Acervo\/TV Globo\" src=\"https:\/\/www.europesays.com\/pt\/wp-content\/uploads\/2026\/01\/baila-comigo-lilian-lemmertz.jpg\" loading=\"lazy\" height=\"653\" width=\"984\" data-posicao=\"1\" role=\"button\" tabindex=\"0\"\/>    <img decoding=\"async\" id=\"image-id-b08f7782-23d7-4111-bca4-74bd2e3ca5e3\" class=\"gallery-photo\" alt=\"A atriz L\u00edlian Lemmertz protagonizou a primeira Helena de Manoel Carlos, em Baila Comigo (1981) \u2014 Foto: Acervo\/TV Globo\" src=\"https:\/\/www.europesays.com\/pt\/wp-content\/uploads\/2026\/01\/1768156520_275_baila-comigo-lilian-lemmertz.jpg\" loading=\"lazy\" height=\"653\" width=\"984\"\/>  <\/p>\n<p> 1 de 9 <br \/>&#13;A atriz L\u00edlian Lemmertz protagonizou a primeira Helena de Manoel Carlos, em Baila Comigo (1981) \u2014 Foto: Acervo\/TV Globo <\/p>\n<p>     <img decoding=\"async\" id=\"image-id-tumb-f7e4d9fd-cd82-4ffc-8c45-b986793f0df7\" alt=\"A segunda foi protagonizada por Mait\u00ea Proen\u00e7a, na novela Felicidade (1991) \u2014 Foto: Claudia Dantas \/ Ag\u00eancia O Globo\" src=\"https:\/\/www.europesays.com\/pt\/wp-content\/uploads\/2026\/01\/41683683-0912.1991-claudia-dantas-tv-felicidade-novela-maite-proenca.jpg\" loading=\"lazy\" height=\"768\" width=\"512\" data-posicao=\"2\" role=\"button\" tabindex=\"0\"\/>    <img decoding=\"async\" id=\"image-id-f7e4d9fd-cd82-4ffc-8c45-b986793f0df7\" class=\"gallery-photo\" alt=\"A segunda foi protagonizada por Mait\u00ea Proen\u00e7a, na novela Felicidade (1991) \u2014 Foto: Claudia Dantas \/ Ag\u00eancia O Globo\" src=\"https:\/\/www.europesays.com\/pt\/wp-content\/uploads\/2026\/01\/1768156521_341_41683683-0912.1991-claudia-dantas-tv-felicidade-novela-maite-proenca.jpg\" loading=\"lazy\" height=\"768\" width=\"512\"\/>  <\/p>\n<p> 2 de 9 <br \/>&#13;A segunda foi protagonizada por Mait\u00ea Proen\u00e7a, na novela Felicidade (1991) \u2014 Foto: Claudia Dantas \/ Ag\u00eancia O Globo <\/p>\n<p>       <img decoding=\"async\" id=\"image-id-tumb-13215d3c-c270-4444-a989-5bbc0d74b259\" alt=\"A terceira Helena, feita por Regina Duarte, chegou \u00e0s telas em 1995, na novela Hist\u00f3ria de Amor \u2014 Foto: S\u00e9rgio Andrade \/ Ag\u00eancia O Globo\" src=\"https:\/\/www.europesays.com\/pt\/wp-content\/uploads\/2026\/01\/41206198-2606.1995-sergio-andrade-ext-fx-novela-historia-de-amor-regina-duarte-09173.jpg\" loading=\"lazy\" height=\"765\" width=\"509\" data-posicao=\"3\" role=\"button\" tabindex=\"0\"\/>    <img decoding=\"async\" id=\"image-id-13215d3c-c270-4444-a989-5bbc0d74b259\" class=\"gallery-photo\" alt=\"A terceira Helena, feita por Regina Duarte, chegou \u00e0s telas em 1995, na novela Hist\u00f3ria de Amor \u2014 Foto: S\u00e9rgio Andrade \/ Ag\u00eancia O Globo\" src=\"https:\/\/www.europesays.com\/pt\/wp-content\/uploads\/2026\/01\/1768156522_860_41206198-2606.1995-sergio-andrade-ext-fx-novela-historia-de-amor-regina-duarte-09173.jpg\" loading=\"lazy\" height=\"765\" width=\"509\"\/>  <\/p>\n<p> 3 de 9 <br \/>&#13;A terceira Helena, feita por Regina Duarte, chegou \u00e0s telas em 1995, na novela Hist\u00f3ria de Amor \u2014 Foto: S\u00e9rgio Andrade \/ Ag\u00eancia O Globo <\/p>\n<p>      <img decoding=\"async\" id=\"image-id-1008baff-6de3-4a6c-a92a-4d5978fd5e09\" class=\"gallery-photo\" alt=\"Regina Duarte tamb\u00e9m foi a quarta Helena, em Por Amor (1997). Nessa novela, contracenou ao lado da filha Gabriela Duarte \u2014 Foto: Fernando Quevedo \/ Ag\u00eancia O Globo\" src=\"https:\/\/www.europesays.com\/pt\/wp-content\/uploads\/2026\/01\/40696874-0710.1997-fernando-quevedo-tv-televisao-novela-por-amor-gabriela-duarte-e-reg.jpg\" loading=\"lazy\" height=\"480\" width=\"720\"\/>  <\/p>\n<p> 4 de 9 <br \/>&#13;Regina Duarte tamb\u00e9m foi a quarta Helena, em Por Amor (1997). Nessa novela, contracenou ao lado da filha Gabriela Duarte \u2014 Foto: Fernando Quevedo \/ Ag\u00eancia O Globo <\/p>\n<p>       <img decoding=\"async\" id=\"image-id-160d1bdd-6fac-48a6-a862-3a6a8994d570\" class=\"gallery-photo\" alt=\"Vera Fischer, nos anos 2000, foi Helena em La\u00e7os de Fam\u00edlia, a quinta personagem do autor \u2014 Foto: Carlos Ivan \/ Ag\u00eancia O Globo\" src=\"https:\/\/www.europesays.com\/pt\/wp-content\/uploads\/2026\/01\/40277269-1704.2000-carlos-ivan-tv-exclusivo-atriz-vera-fisher-vai-estar-no-elenco-da-nova.jpg\" loading=\"lazy\" height=\"768\" width=\"512\"\/>  <\/p>\n<p> 5 de 9 <br \/>&#13;Vera Fischer, nos anos 2000, foi Helena em La\u00e7os de Fam\u00edlia, a quinta personagem do autor \u2014 Foto: Carlos Ivan \/ Ag\u00eancia O Globo <\/p>\n<p>      <img decoding=\"async\" id=\"image-id-9964c290-3e1a-4c3b-83eb-0fc9a75c14d7\" class=\"gallery-photo\" alt=\"Em 2003, Christiane Torloni assumiu a personagem em Mulheres Apaixonadas \u2014 Foto: Nana Moraes \/ Ag\u00eancia O Globo\" src=\"https:\/\/www.europesays.com\/pt\/wp-content\/uploads\/2026\/01\/39529417-0908.2002-divulgacao-nana-moraes-tv-exclusivo-christiane-torloni.jpg\" loading=\"lazy\" height=\"819\" width=\"555\"\/>  <\/p>\n<p> 6 de 9 <br \/>&#13;Em 2003, Christiane Torloni assumiu a personagem em Mulheres Apaixonadas \u2014 Foto: Nana Moraes \/ Ag\u00eancia O Globo <\/p>\n<p>       <img decoding=\"async\" id=\"image-id-4469f0b0-3b7b-4536-9098-b9b404736458\" class=\"gallery-photo\" alt=\"L\u00edlia Cabral foi escolhida para Helena na novela P\u00e1ginas da Vida, de 2006 \u2014 Foto: Ag\u00eancia O Globo\" src=\"https:\/\/www.europesays.com\/pt\/wp-content\/uploads\/2026\/01\/113240590-nanda-fernanda-vasconcellos-e-marta-lilia-cabral.jpg\" loading=\"lazy\" height=\"725\" width=\"480\"\/>  <\/p>\n<p> 7 de 9 <br \/>&#13;L\u00edlia Cabral foi escolhida para Helena na novela P\u00e1ginas da Vida, de 2006 \u2014 Foto: Ag\u00eancia O Globo <\/p>\n<p>      <img decoding=\"async\" id=\"image-id-4df23a94-14fc-4682-9ef6-79b02160b416\" class=\"gallery-photo\" alt=\"Ta\u00eds Ara\u00fajo foi a primeira Helena negra do autor. A personagem apareceu nas telas em Viver a Vida (2009) \u2014 Foto: Jos\u00e9 Paulo Cardeal \/ Ag\u00eancia O Globo\" src=\"https:\/\/www.europesays.com\/pt\/wp-content\/uploads\/2026\/01\/36175534-sx-rio-de-janeiro-rj-25-10-2009-viver-a-vida-helena-tais-araujo-.-foto-tv-globo-ze.jpg\" loading=\"lazy\" height=\"968\" width=\"648\"\/>  <\/p>\n<p> 8 de 9 <br \/>&#13;Ta\u00eds Ara\u00fajo foi a primeira Helena negra do autor. A personagem apareceu nas telas em Viver a Vida (2009) \u2014 Foto: Jos\u00e9 Paulo Cardeal \/ Ag\u00eancia O Globo <\/p>\n<p>       <img decoding=\"async\" id=\"image-id-22e2e1a0-d13f-42fd-8672-a8e588f34f65\" class=\"gallery-photo\" alt=\"Julia Lemmertz foi a \u00faltima Helena do autor, na novela Em Fam\u00edlia (2014). A atriz \u00e9 filha de L\u00edlian Lemmertz, que estreou a personagem em 1981 \u2014 Foto: Jo\u00e3o Cotta \/ Ag\u00eancia O Globo\" src=\"https:\/\/www.europesays.com\/pt\/wp-content\/uploads\/2026\/01\/1768535438_313_34454030-cr-exclusivo-rio-de-janeiro-rj-06-01-2014-julia-lemmertz-caracterizada-como-helena-e.jpg\" loading=\"lazy\" height=\"799\" width=\"532\"\/>  <\/p>\n<p> 9 de 9 <br \/>&#13;Julia Lemmertz foi a \u00faltima Helena do autor, na novela Em Fam\u00edlia (2014). A atriz \u00e9 filha de L\u00edlian Lemmertz, que estreou a personagem em 1981 \u2014 Foto: Jo\u00e3o Cotta \/ Ag\u00eancia O Globo <\/p>\n<p>Relembre as atrizes que protagonizaram a personagem marcante das novelas desse autor<\/p>\n","protected":false},"excerpt":{"rendered":"Em uma homenagem a Manoel Carlos, a neta Sofia Frank contou um pouco sobre como era o famoso&hellip;\n","protected":false},"author":2,"featured_media":231020,"comment_status":"","ping_status":"","sticky":false,"template":"","format":"standard","meta":{"footnotes":""},"categories":[145],"tags":[211,210,114,115,319,11549,32,33,318],"class_list":{"0":"post-231019","1":"post","2":"type-post","3":"status-publish","4":"format-standard","5":"has-post-thumbnail","7":"category-celebridades","8":"tag-celebridades","9":"tag-celebrities","10":"tag-entertainment","11":"tag-entretenimento","12":"tag-hard-news","13":"tag-manoel-carlos","14":"tag-portugal","15":"tag-pt","16":"tag-radar"},"share_on_mastodon":{"url":"https:\/\/pubeurope.com\/@pt\/115902744170266261","error":""},"_links":{"self":[{"href":"https:\/\/www.europesays.com\/pt\/wp-json\/wp\/v2\/posts\/231019","targetHints":{"allow":["GET"]}}],"collection":[{"href":"https:\/\/www.europesays.com\/pt\/wp-json\/wp\/v2\/posts"}],"about":[{"href":"https:\/\/www.europesays.com\/pt\/wp-json\/wp\/v2\/types\/post"}],"author":[{"embeddable":true,"href":"https:\/\/www.europesays.com\/pt\/wp-json\/wp\/v2\/users\/2"}],"replies":[{"embeddable":true,"href":"https:\/\/www.europesays.com\/pt\/wp-json\/wp\/v2\/comments?post=231019"}],"version-history":[{"count":0,"href":"https:\/\/www.europesays.com\/pt\/wp-json\/wp\/v2\/posts\/231019\/revisions"}],"wp:featuredmedia":[{"embeddable":true,"href":"https:\/\/www.europesays.com\/pt\/wp-json\/wp\/v2\/media\/231020"}],"wp:attachment":[{"href":"https:\/\/www.europesays.com\/pt\/wp-json\/wp\/v2\/media?parent=231019"}],"wp:term":[{"taxonomy":"category","embeddable":true,"href":"https:\/\/www.europesays.com\/pt\/wp-json\/wp\/v2\/categories?post=231019"},{"taxonomy":"post_tag","embeddable":true,"href":"https:\/\/www.europesays.com\/pt\/wp-json\/wp\/v2\/tags?post=231019"}],"curies":[{"name":"wp","href":"https:\/\/api.w.org\/{rel}","templated":true}]}}