{"id":231023,"date":"2026-01-16T03:56:14","date_gmt":"2026-01-16T03:56:14","guid":{"rendered":"https:\/\/www.europesays.com\/pt\/231023\/"},"modified":"2026-01-16T03:56:14","modified_gmt":"2026-01-16T03:56:14","slug":"joao-ferreira-mostra-solidez-e-termina-etapa-11-no-4-o-lugar","status":"publish","type":"post","link":"https:\/\/www.europesays.com\/pt\/231023\/","title":{"rendered":"Jo\u00e3o Ferreira mostra solidez e termina etapa 11 no 4.\u00ba lugar"},"content":{"rendered":"<p>Jo\u00e3o Ferreira e Filipe Palmeiro voltaram hoje a demonstrar solidez e resili\u00eancia ao entrar ao ataque na 11.\u00aa etapa do Dakar 2026. Depois dos v\u00e1rios problemas que assolaram a sua participa\u00e7\u00e3o nos \u00faltimos dias, o piloto de Leiria conseguiu impor um ritmo forte ao longo de toda a tirada para terminar na 4.\u00aa posi\u00e7\u00e3o, a 3.27 do vencedor da etapa, Mattias Ekstr\u00f6m. Com este resultado, Jo\u00e3o Ferreira ascende ao 17.\u00ba lugar da Geral.<\/p>\n<p><strong>\u201cQueremos imenso continuar a demonstrar o nosso potencial e hoje prov\u00e1mos que estamos preparados para isso. Isentos de problemas e situa\u00e7\u00f5es de corrida, estamos totalmente capazes de lutar pelos nossos objetivos. Uma etapa super r\u00e1pida, com algum p\u00f3, mas fizemos uma boa etapa. Este Dakar n\u00e3o est\u00e1 a ser um Dakar f\u00e1cil e prova disso foi a etapa de hoje. Subimos na classifica\u00e7\u00e3o geral o que acaba por ser um ponto positivo e motivante para atacar as duas etapas finais com toda a energia\u201d, <\/strong>explicou o piloto oficial Toyota Gazoo Racing South Africa, Jo\u00e3o Ferreira.<\/p>\n<p><strong>Etapa 12 \u2013 Al Henakiyah \u203a Yanbu (16 de janeiro de 2026)<\/strong><\/p>\n<p>A d\u00e9cima segunda etapa do Dakar 2026 leva os concorrentes desde Al Henakiyah de volta a Yanbu, com uma especial cronometrada de cerca de 310 km inserida num total de aproximadamente 718 km entre liga\u00e7\u00e3o e tro\u00e7o competitivo. Esta etapa representa a \u00faltima grande oportunidade para baralhar as contas da classifica\u00e7\u00e3o geral antes da etapa final, e combina v\u00e1rios tipos de terreno que exigem flexibilidade e precis\u00e3o \u00e0 medida que o rali se aproxima do desfecho.<\/p>\n<p>O percurso come\u00e7a com pistas r\u00e1pidas, onde os pilotos podem ganhar ritmo e marcar tempo, mas evolui para sectores mais t\u00e9cnicos, estreitos e sinuosos, com transi\u00e7\u00f5es que exigem aten\u00e7\u00e3o constante ao roadbook e decis\u00e3o r\u00e1pida para escolher as traject\u00f3rias mais eficientes. Surge tamb\u00e9m a travessia de leitos de rios secos, onde a condu\u00e7\u00e3o pode ser surpreendentemente trai\u00e7oeira, tornando a etapa num teste adicional de navega\u00e7\u00e3o e leitura de terreno.<\/p>\n","protected":false},"excerpt":{"rendered":"Jo\u00e3o Ferreira e Filipe Palmeiro voltaram hoje a demonstrar solidez e resili\u00eancia ao entrar ao ataque na 11.\u00aa&hellip;\n","protected":false},"author":2,"featured_media":231024,"comment_status":"","ping_status":"","sticky":false,"template":"","format":"standard","meta":{"footnotes":""},"categories":[87],"tags":[135,32,33,134],"class_list":{"0":"post-231023","1":"post","2":"type-post","3":"status-publish","4":"format-standard","5":"has-post-thumbnail","7":"category-desporto","8":"tag-desporto","9":"tag-portugal","10":"tag-pt","11":"tag-sports"},"share_on_mastodon":{"url":"https:\/\/pubeurope.com\/@pt\/115902767619162270","error":""},"_links":{"self":[{"href":"https:\/\/www.europesays.com\/pt\/wp-json\/wp\/v2\/posts\/231023","targetHints":{"allow":["GET"]}}],"collection":[{"href":"https:\/\/www.europesays.com\/pt\/wp-json\/wp\/v2\/posts"}],"about":[{"href":"https:\/\/www.europesays.com\/pt\/wp-json\/wp\/v2\/types\/post"}],"author":[{"embeddable":true,"href":"https:\/\/www.europesays.com\/pt\/wp-json\/wp\/v2\/users\/2"}],"replies":[{"embeddable":true,"href":"https:\/\/www.europesays.com\/pt\/wp-json\/wp\/v2\/comments?post=231023"}],"version-history":[{"count":0,"href":"https:\/\/www.europesays.com\/pt\/wp-json\/wp\/v2\/posts\/231023\/revisions"}],"wp:featuredmedia":[{"embeddable":true,"href":"https:\/\/www.europesays.com\/pt\/wp-json\/wp\/v2\/media\/231024"}],"wp:attachment":[{"href":"https:\/\/www.europesays.com\/pt\/wp-json\/wp\/v2\/media?parent=231023"}],"wp:term":[{"taxonomy":"category","embeddable":true,"href":"https:\/\/www.europesays.com\/pt\/wp-json\/wp\/v2\/categories?post=231023"},{"taxonomy":"post_tag","embeddable":true,"href":"https:\/\/www.europesays.com\/pt\/wp-json\/wp\/v2\/tags?post=231023"}],"curies":[{"name":"wp","href":"https:\/\/api.w.org\/{rel}","templated":true}]}}