{"id":231030,"date":"2026-01-16T04:08:11","date_gmt":"2026-01-16T04:08:11","guid":{"rendered":"https:\/\/www.europesays.com\/pt\/231030\/"},"modified":"2026-01-16T04:08:11","modified_gmt":"2026-01-16T04:08:11","slug":"ainda-agora-sairam-e-ja-querem-casar-ines-e-dylan-revelam-detalhes-do-casamento-que-idealizam-para-selar-o-romance-que-comecou-na-casa-dos-segredos-estrelas","status":"publish","type":"post","link":"https:\/\/www.europesays.com\/pt\/231030\/","title":{"rendered":"Ainda agora sa\u00edram e j\u00e1 querem casar: In\u00eas e Dylan revelam detalhes do casamento que idealizam para selar o romance que come\u00e7ou na Casa dos Segredos &#8211; Estrelas"},"content":{"rendered":"<p>In\u00eas Gama e Dylan Fonte afirmam que j\u00e1 pensam na subida ao altar, depois do romance que iniciou na &#8216;Casa dos Segredos&#8217;. A revela\u00e7\u00e3o foi feita pelo pr\u00f3prio casal, que, ainda que n\u00e3o tenha alinhavado qualquer pormenor, n\u00e3o t\u00eam d\u00favidas que est\u00e3o a cogitar.<\/p>\n<p><b>&#8220;Sem d\u00favida<\/b> [que est\u00e1 nos planos]<b>. Ainda n\u00e3o fal\u00e1mos muito, mas \u00e9 algo que queremos os dois. Em princ\u00edpio, o casamento ser\u00e1 pela igreja, se n\u00e3o o Dylan mata-me<\/b> [risos]<b>&#8220;<\/b>, come\u00e7ou por declarar In\u00eas, em declara\u00e7\u00f5es \u00e0 &#8216;Maria&#8217;.<\/p>\n<p>        &#13;<\/p>\n<p>                        &#13;<br \/>\n                            <img decoding=\"async\" src=\"https:\/\/www.europesays.com\/pt\/wp-content\/uploads\/2026\/01\/img_220x220uu2026-01-14-17-17-40-402089-im-639040079078469395.jpg\" class=\"img_fluid\" loading=\"lazy\" alt=\"\"\/>&#13;<\/p>\n<p class=\"title\">Ler tamb\u00e9m<\/p>\n<p>                    <a href=\"https:\/\/www.tvguia.pt\/estrelas\/detalhe\/dylan-e-ines-viajam-de-lua-de-mel-apos-o-o-final-da-casa-dos-segredos-para-um-destino-de-sonho-e-nao-e-las-vegas\" class=\"streched_link\" title=\"\" content_list_position=\"1\" rel=\"nofollow noopener\" target=\"_blank\">Dylan e In\u00eas viajam de lua de mel ap\u00f3s o o final da Casa dos Segredos para um destino de sonho&#8230; e n\u00e3o \u00e9 Las Vegas<\/a><\/p>\n<p>            &#13;<\/p>\n<p><b>&#8220;Imagino uma cerim\u00f3nia bonita com as pessoas mais pr\u00f3ximas. N\u00e3o tem de ser um casamento enorme. Quanto ao vestido ainda n\u00e3o pensei mesmo nisos. N\u00e3o fa\u00e7o ideia de como ser\u00e1&#8221;<\/b>, acrescentou.<\/p>\n<p>Dylan complementou: <b>&#8220;Ainda vamos ponderar. Se for por mim&#8230; \u00e9 j\u00e1 para o m\u00eas que vem! Vamos tentar ponderar um bocadinho, sen\u00e3o tamb\u00e9m n\u00e3o d\u00e1 tempo para marcar tudo. Mas sim, \u00e9 uma coisa que os dois queremos, sempre tivemos essa ideia e eu j\u00e1 tive dois pedidos de casamento falhados, portanto costuma dizer-se que \u00e0 terceira \u00e9 de vez.&#8221;<\/b><\/p>\n<p>Recorde-se que, atualmente, os dois encontram-se em Veneza, para a primeira viagem em casal fora do Pa\u00eds. Para breve, espera-lhes a ida a Las Vegas, que ficou referida no reality show da TVI.<\/p>\n<p>        &#13;<\/p>\n<p>                        &#13;<br \/>\n                            <img decoding=\"async\" src=\"https:\/\/www.europesays.com\/pt\/wp-content\/uploads\/2026\/01\/img_220x220uu2026-01-12-01-43-36-401858-im-639037791438928124.jpg\" class=\"img_fluid\" loading=\"lazy\" alt=\"\"\/>&#13;<\/p>\n<p class=\"title\">Ler tamb\u00e9m<\/p>\n<p>                    <a href=\"https:\/\/www.tvguia.pt\/estrelas\/detalhe\/nem-leandro-nem-liliana-pedro-jorge-e-marisa-receberam-ines-e-dylan-na-covilha-apos-o-fim-da-casa-dos-segredos-a-historia-de-uma-amizade-improvavel\" class=\"streched_link\" title=\"\" content_list_position=\"2\" rel=\"nofollow noopener\" target=\"_blank\">Nem Leandro, nem Liliana! Pedro Jorge e Marisa receberam In\u00eas e Dylan na Covilh\u00e3 ap\u00f3s o fim da Casa dos Segredos: a hist\u00f3ria de uma amizade improv\u00e1vel <\/a><\/p>\n<p>            &#13;<\/p>\n<p>            &#13;<br \/>\n                &#13;<br \/>\n&#13;<br \/>\n&#13;<br \/>\n    &#13;<br \/>\n&#13;<br \/>\n&#13;<\/p>\n","protected":false},"excerpt":{"rendered":"In\u00eas Gama e Dylan Fonte afirmam que j\u00e1 pensam na subida ao altar, depois do romance que iniciou&hellip;\n","protected":false},"author":2,"featured_media":231031,"comment_status":"","ping_status":"","sticky":false,"template":"","format":"standard","meta":{"footnotes":""},"categories":[142],"tags":[1435,44243,41740,114,115,17640,32,33,218,151,162,232],"class_list":{"0":"post-231030","1":"post","2":"type-post","3":"status-publish","4":"format-standard","5":"has-post-thumbnail","7":"category-tv","8":"tag-casamento","9":"tag-casamento-em-segredo","10":"tag-casamentos","11":"tag-entertainment","12":"tag-entretenimento","13":"tag-las-vegas","14":"tag-portugal","15":"tag-pt","16":"tag-televisao","17":"tag-tv","18":"tag-tvi","19":"tag-veneza"},"share_on_mastodon":{"url":"https:\/\/pubeurope.com\/@pt\/115902814798755354","error":""},"_links":{"self":[{"href":"https:\/\/www.europesays.com\/pt\/wp-json\/wp\/v2\/posts\/231030","targetHints":{"allow":["GET"]}}],"collection":[{"href":"https:\/\/www.europesays.com\/pt\/wp-json\/wp\/v2\/posts"}],"about":[{"href":"https:\/\/www.europesays.com\/pt\/wp-json\/wp\/v2\/types\/post"}],"author":[{"embeddable":true,"href":"https:\/\/www.europesays.com\/pt\/wp-json\/wp\/v2\/users\/2"}],"replies":[{"embeddable":true,"href":"https:\/\/www.europesays.com\/pt\/wp-json\/wp\/v2\/comments?post=231030"}],"version-history":[{"count":0,"href":"https:\/\/www.europesays.com\/pt\/wp-json\/wp\/v2\/posts\/231030\/revisions"}],"wp:featuredmedia":[{"embeddable":true,"href":"https:\/\/www.europesays.com\/pt\/wp-json\/wp\/v2\/media\/231031"}],"wp:attachment":[{"href":"https:\/\/www.europesays.com\/pt\/wp-json\/wp\/v2\/media?parent=231030"}],"wp:term":[{"taxonomy":"category","embeddable":true,"href":"https:\/\/www.europesays.com\/pt\/wp-json\/wp\/v2\/categories?post=231030"},{"taxonomy":"post_tag","embeddable":true,"href":"https:\/\/www.europesays.com\/pt\/wp-json\/wp\/v2\/tags?post=231030"}],"curies":[{"name":"wp","href":"https:\/\/api.w.org\/{rel}","templated":true}]}}