{"id":231032,"date":"2026-01-16T04:11:09","date_gmt":"2026-01-16T04:11:09","guid":{"rendered":"https:\/\/www.europesays.com\/pt\/231032\/"},"modified":"2026-01-16T04:11:09","modified_gmt":"2026-01-16T04:11:09","slug":"goncalo-oliveira-pede-desculpa-por-ter-danificado-banco-de-suplentes-do-fc-porto-nao-me-revejo","status":"publish","type":"post","link":"https:\/\/www.europesays.com\/pt\/231032\/","title":{"rendered":"Gon\u00e7alo Oliveira pede desculpa por ter danificado banco de suplentes do FC Porto: &#8220;N\u00e3o me revejo&#8221;"},"content":{"rendered":"<p>Gon\u00e7alo Oliveira, jovem defesa-central do Benfica que ontem foi suplente no jogo contra o FC Porto, utilizou as redes sociais para desculpar-se por ter <a href=\"https:\/\/sapo.pt\/artigo\/fc-porto-vai-apresentar-queixa-a-fpf-por-danos-no-banco-de-suplentes-do-benfica-69692f8b4c7879e335e0546f\" target=\"_blank\" rel=\"noreferrer noopener nofollow\">danificado o banco de suplentes no Est\u00e1dio do Drag\u00e3o<\/a>.<\/p>\n<p>&#8220;Lamento o ato irrefletido que me levou a danificar o banco de suplentes no cl\u00e1ssico com o FC Porto, no Est\u00e1dio do Drag\u00e3o. N\u00e3o me revejo neste tipo de comportamento nem s\u00e3o estes os valores que me s\u00e3o transmitidos pelo Sport Lisboa e Benfica&#8221;, escreveu o jogador de 19 anos.<\/p>\n","protected":false},"excerpt":{"rendered":"Gon\u00e7alo Oliveira, jovem defesa-central do Benfica que ontem foi suplente no jogo contra o FC Porto, utilizou as&hellip;\n","protected":false},"author":2,"featured_media":231033,"comment_status":"","ping_status":"","sticky":false,"template":"","format":"standard","meta":{"footnotes":""},"categories":[87],"tags":[135,32,33,134],"class_list":{"0":"post-231032","1":"post","2":"type-post","3":"status-publish","4":"format-standard","5":"has-post-thumbnail","7":"category-desporto","8":"tag-desporto","9":"tag-portugal","10":"tag-pt","11":"tag-sports"},"share_on_mastodon":{"url":"https:\/\/pubeurope.com\/@pt\/115902826593690579","error":""},"_links":{"self":[{"href":"https:\/\/www.europesays.com\/pt\/wp-json\/wp\/v2\/posts\/231032","targetHints":{"allow":["GET"]}}],"collection":[{"href":"https:\/\/www.europesays.com\/pt\/wp-json\/wp\/v2\/posts"}],"about":[{"href":"https:\/\/www.europesays.com\/pt\/wp-json\/wp\/v2\/types\/post"}],"author":[{"embeddable":true,"href":"https:\/\/www.europesays.com\/pt\/wp-json\/wp\/v2\/users\/2"}],"replies":[{"embeddable":true,"href":"https:\/\/www.europesays.com\/pt\/wp-json\/wp\/v2\/comments?post=231032"}],"version-history":[{"count":0,"href":"https:\/\/www.europesays.com\/pt\/wp-json\/wp\/v2\/posts\/231032\/revisions"}],"wp:featuredmedia":[{"embeddable":true,"href":"https:\/\/www.europesays.com\/pt\/wp-json\/wp\/v2\/media\/231033"}],"wp:attachment":[{"href":"https:\/\/www.europesays.com\/pt\/wp-json\/wp\/v2\/media?parent=231032"}],"wp:term":[{"taxonomy":"category","embeddable":true,"href":"https:\/\/www.europesays.com\/pt\/wp-json\/wp\/v2\/categories?post=231032"},{"taxonomy":"post_tag","embeddable":true,"href":"https:\/\/www.europesays.com\/pt\/wp-json\/wp\/v2\/tags?post=231032"}],"curies":[{"name":"wp","href":"https:\/\/api.w.org\/{rel}","templated":true}]}}