{"id":231036,"date":"2026-01-16T04:19:10","date_gmt":"2026-01-16T04:19:10","guid":{"rendered":"https:\/\/www.europesays.com\/pt\/231036\/"},"modified":"2026-01-16T04:19:10","modified_gmt":"2026-01-16T04:19:10","slug":"virginia-fonseca-revela-que-filhas-vao-passar-por-cirurgia-para-corrigir-problema","status":"publish","type":"post","link":"https:\/\/www.europesays.com\/pt\/231036\/","title":{"rendered":"Virginia Fonseca revela que filhas v\u00e3o passar por cirurgia para corrigir problema"},"content":{"rendered":"<p>Influenciadora explicou dificuldades de Maria Flor e Maria Alice nas redes sociais<\/p>\n<p id=\"paragrafo-uz79jynl53\">\nA influenciadora digital Virginia Fonseca, de 26 anos, compartilhou com os seguidores que as filhas, Maria Alice, de 4 anos, e Maria Flor, de 3, v\u00e3o passar por uma cirurgia ainda neste ano. Virginia explicou que por causa das am\u00edgdalas e da adenoide, ambas t\u00eam dificuldade para descansar. &gt;\n<\/p>\n<p id=\"paragrafo-sk7o6hgcyo\">\nEm uma publica\u00e7\u00e3o recente, Virginia disse que as filhas dormiram com ela, e que o ronco frequente e os despertadores noturno t\u00eam sido um desafio constante, tanto para as crian\u00e7as quanto para a influenciadora, que precisa lidar com a rotina agitada da maternidade.&gt;\n<\/p>\n<p id=\"paragrafo-dah4sup58y\">\n\u201cA Flor acorda a noite inteira s\u00f3 pra falar alguma coisa. Eu falo &#8216;volta a dormir&#8217;, ela volta e come\u00e7a a roncar de novo. \u00c9 engra\u00e7ada, em todas as camadas, n\u00e3o tem como&#8221;, contou Virginia. Al\u00e9m disso, a influenciadora destacou que, apesar das noites dif\u00edceis, procura transformar os momentos em experi\u00eancia e afeto. A cirurgia est\u00e1 prevista para acontecer ainda este ano.&gt;\n<\/p>\n<p id=\"paragrafo-a81kvrj6g4\">\nDe acordo com especialistas, o aumento das am\u00edgdalas e da adenoide \u00e9 um problema relativamente comum na inf\u00e2ncia e pode causar dificuldade respirat\u00f3ria, ronco intenso, apneia do sono e at\u00e9 atrasos no desenvolvimento em casos mais graves. A cirurgia recomendada para as meninas visa corrigir altera\u00e7\u00f5es e proporcionar noites de sono mais tranquilas, al\u00e9m de melhorar a sa\u00fade geral e a qualidade de vida.&gt;\n<\/p>\n<p id=\"paragrafo-1jpo9jjhe9\">\nVirginia tamb\u00e9m aproveitou para refor\u00e7ar que compartilhar esse tipo de experi\u00eancia \u00e9 uma forma de alertar outros pais sobre a import\u00e2ncia de observar sinais como ronco intenso e dificuldades para dormir nas crian\u00e7as. &#8220;Muitas vezes a gente acha que \u00e9 s\u00f3 uma fase ou que vai passar, mas \u00e9 sempre bom acompanhar com o m\u00e9dico, porque pode fazer toda a diferen\u00e7a na sa\u00fade delas&#8221;, disse. Maria Flor e Maria Alice s\u00e3o fruto do relacionamento de Virginia com Z\u00e9 Felipe. O ex-casal tamb\u00e9m \u00e9 pai de Jos\u00e9 Leonardo, de 1 ano.&gt;<\/p>\n","protected":false},"excerpt":{"rendered":"Influenciadora explicou dificuldades de Maria Flor e Maria Alice nas redes sociais A influenciadora digital Virginia Fonseca, de&hellip;\n","protected":false},"author":2,"featured_media":231037,"comment_status":"","ping_status":"","sticky":false,"template":"","format":"standard","meta":{"footnotes":""},"categories":[145],"tags":[211,210,114,115,32,33],"class_list":{"0":"post-231036","1":"post","2":"type-post","3":"status-publish","4":"format-standard","5":"has-post-thumbnail","7":"category-celebridades","8":"tag-celebridades","9":"tag-celebrities","10":"tag-entertainment","11":"tag-entretenimento","12":"tag-portugal","13":"tag-pt"},"share_on_mastodon":{"url":"https:\/\/pubeurope.com\/@pt\/115902858028441094","error":""},"_links":{"self":[{"href":"https:\/\/www.europesays.com\/pt\/wp-json\/wp\/v2\/posts\/231036","targetHints":{"allow":["GET"]}}],"collection":[{"href":"https:\/\/www.europesays.com\/pt\/wp-json\/wp\/v2\/posts"}],"about":[{"href":"https:\/\/www.europesays.com\/pt\/wp-json\/wp\/v2\/types\/post"}],"author":[{"embeddable":true,"href":"https:\/\/www.europesays.com\/pt\/wp-json\/wp\/v2\/users\/2"}],"replies":[{"embeddable":true,"href":"https:\/\/www.europesays.com\/pt\/wp-json\/wp\/v2\/comments?post=231036"}],"version-history":[{"count":0,"href":"https:\/\/www.europesays.com\/pt\/wp-json\/wp\/v2\/posts\/231036\/revisions"}],"wp:featuredmedia":[{"embeddable":true,"href":"https:\/\/www.europesays.com\/pt\/wp-json\/wp\/v2\/media\/231037"}],"wp:attachment":[{"href":"https:\/\/www.europesays.com\/pt\/wp-json\/wp\/v2\/media?parent=231036"}],"wp:term":[{"taxonomy":"category","embeddable":true,"href":"https:\/\/www.europesays.com\/pt\/wp-json\/wp\/v2\/categories?post=231036"},{"taxonomy":"post_tag","embeddable":true,"href":"https:\/\/www.europesays.com\/pt\/wp-json\/wp\/v2\/tags?post=231036"}],"curies":[{"name":"wp","href":"https:\/\/api.w.org\/{rel}","templated":true}]}}