{"id":231038,"date":"2026-01-16T04:22:09","date_gmt":"2026-01-16T04:22:09","guid":{"rendered":"https:\/\/www.europesays.com\/pt\/231038\/"},"modified":"2026-01-16T04:22:09","modified_gmt":"2026-01-16T04:22:09","slug":"por-que-henri-castelli-saiu-do-bbb-26-ator-se-manifesta-pela-primeira-vez-apos-deixar-o-reality","status":"publish","type":"post","link":"https:\/\/www.europesays.com\/pt\/231038\/","title":{"rendered":"Por que Henri Castelli saiu do BBB 26? Ator se manifesta pela primeira vez ap\u00f3s deixar o reality"},"content":{"rendered":"<p data-component-name=\"paragraph\" class=\"styles__ParagraphStyled-sc-6adecn-0 gsLklW  \">O ator <a href=\"https:\/\/www.estadao.com.br\/tudo-sobre\/henri-castelli\/?srsltid=AfmBOoqvGJNvFwZWspJ7PUDUBzSbzV5lg_1KCGRrSxTtVC3Wlm0wlKSD\" target=\"_blank\" rel=\"noreferrer nofollow noopener\" title=\"https:\/\/www.estadao.com.br\/tudo-sobre\/henri-castelli\/?srsltid=AfmBOoqvGJNvFwZWspJ7PUDUBzSbzV5lg_1KCGRrSxTtVC3Wlm0wlKSD\"><strong>Henri Castelli<\/strong><\/a> se pronunciou ap\u00f3s deixar o <a href=\"https:\/\/www.estadao.com.br\/tudo-sobre\/big-brother-brasil\/?srsltid=AfmBOooxbBV4HxPafyvBtRICoYB9WpWcLwD46a4T0HCFW2xqwHPJn698\" target=\"_blank\" rel=\"noreferrer nofollow noopener\" title=\"https:\/\/www.estadao.com.br\/tudo-sobre\/big-brother-brasil\/?srsltid=AfmBOooxbBV4HxPafyvBtRICoYB9WpWcLwD46a4T0HCFW2xqwHPJn698\"><strong>BBB 26<\/strong><\/a> por ter sofrido duas crises de convuls\u00e3o. O artista usou o Instagram para comentar uma postagem feita pelo perfil do programa na rede. \u201cGratid\u00e3o por todo o carinho\u201d, escreveu.<\/p>\n<p><img  loading=\"lazy\" class=\"lazy-load-img\"\/><\/p>\n<p>Henri Castelli se pronuncia ap\u00f3s deixar o elenco do &#8216;BBB 26&#8217;.\u00a0Foto:  Manoella Mello\/Globo\/Divulga\u00e7\u00e3o<\/p>\n<p data-component-name=\"paragraph\" class=\"styles__ParagraphStyled-sc-6adecn-0 gsLklW  \">A informa\u00e7\u00e3o de que o ator n\u00e3o continuaria no reality foi confirmada por Tadeu Schmdit durante o programa ao vivo da quarta, 14. Na ocasi\u00e3o, Tadeu informou que Henri estaria em observa\u00e7\u00e3o, no hospital, \u201cbem e l\u00facido\u201d.<\/p>\n<p><img  loading=\"lazy\" class=\"lazy-load-img\"\/><\/p>\n<p>Henri Castelli se pronuncia ap\u00f3s sa\u00edda do &#8216;BBB 26&#8217;.\u00a0Foto:  @henricastelli via Instagram<\/p>\n<p>\u201cDiante desse quadro, o Henri n\u00e3o vai continuar no BBB. A gente lamenta a sa\u00edda dele do jogo, mas entende que evidentemente a sa\u00fade \u00e9 sempre mais importante que qualquer competi\u00e7\u00e3o, al\u00e9m de ser uma preocupa\u00e7\u00e3o nossa\u201d, pontuou o apresentador na abertura do programa.<\/p>\n<p>\u201cComo esclarecido h\u00e1 pouco no BBB, nesta quarta-feira pela manh\u00e3, durante a prova do l\u00edder, Henri Castelli teve uma crise convulsiva, foi atendido no prov\u00f3dromo pela equipe m\u00e9dica e levado a um hospital para realiza\u00e7\u00e3o de exames. \u00c0 tarde, ap\u00f3s os resultados n\u00e3o apontarem qualquer problema, Henri retornou ao programa, mas teve uma nova crise. Ele, ent\u00e3o, foi levado novamente ao hospital, onde ficou internado em observa\u00e7\u00e3o. O ator, diante deste quadro, n\u00e3o seguir\u00e1 no programa\u201d, disse a Globo em comunicado.<\/p>\n<p>O que aconteceu com Henri Castelli?<\/p>\n<p data-component-name=\"paragraph\" class=\"styles__ParagraphStyled-sc-6adecn-0 gsLklW  \">Castelli passou mal ap\u00f3s 10 horas de Prova do L\u00edder, que come\u00e7ou na noite desta ter\u00e7a, 13, e sofreu uma crise de convuls\u00e3o. Antes que a equipe m\u00e9dica chegasse ao local para socorrer Castelli, os outros participantes alertaram a produ\u00e7\u00e3o. <a href=\"https:\/\/www.estadao.com.br\/tudo-sobre\/alberto-cowboy-bbb\/?srsltid=AfmBOorejBqQPbOCo1_xzZjcYRdUgxJROahFCkHevB-xxD9pkH8OxOLE\" target=\"_blank\" rel=\"nofollow noopener\" title=\"https:\/\/www.estadao.com.br\/tudo-sobre\/alberto-cowboy-bbb\/?srsltid=AfmBOorejBqQPbOCo1_xzZjcYRdUgxJROahFCkHevB-xxD9pkH8OxOLE\"><strong>Alberto Cowboy<\/strong><\/a> foi at\u00e9 o colega e o abanou com o colete.<\/p>\n<p data-component-name=\"paragraph\" class=\"styles__ParagraphStyled-sc-6adecn-0 gsLklW  \">A prova do l\u00edder foi paralisada, at\u00e9 que a produ\u00e7\u00e3o informou o estado de sa\u00fade do ator: \u201cO Henri est\u00e1 sob cuidados m\u00e9dicos e est\u00e1 consciente. Est\u00e1 tudo bem\u201d. Em comunicado enviado ao <strong>Estad\u00e3o<\/strong>, a <a href=\"https:\/\/www.estadao.com.br\/tudo-sobre\/rede-globo\" target=\"_blank\" rel=\"nofollow noopener\" title=\"https:\/\/www.estadao.com.br\/tudo-sobre\/rede-globo\"><strong>Globo<\/strong><\/a> explicou: \u201cDepois de ter sido prontamente atendido pela equipe m\u00e9dica do programa durante a realiza\u00e7\u00e3o da prova do l\u00edder esta manh\u00e3, o participante Henri Castelli foi encaminhado para realiza\u00e7\u00e3o de exames em um hospital.\u201d<\/p>\n<p data-component-name=\"paragraph\" class=\"styles__ParagraphStyled-sc-6adecn-0 gsLklW  \">Nesta quarta-feira, 14, o ator retornou \u00e0 casa. Ao voltar do hospital, Castelli brincou e disse: \u201cTentaram me matar, n\u00e3o conseguiram, agora estou de volta\u201c. O artista relatou que fez exames antes de ter alta, mas, pouco tempo depois, teve outra convuls\u00e3o e caiu, quando foi socorrido novamente. Ap\u00f3s a presta\u00e7\u00e3o de socorro ao artista, a voz do programa informou aos demais participantes que o brother estava em observa\u00e7\u00e3o.<\/p>\n<p data-component-name=\"paragraph\" class=\"styles__ParagraphStyled-sc-6adecn-0 gsLklW  \">Com a sa\u00edda de Henri, a casa fica com 20 participantes. A produ\u00e7\u00e3o do reality show n\u00e3o revelou se a vaga do ex-BBB ser\u00e1 remanejada ou se o programa perder\u00e1 um participante permanentemente.<\/p>\n","protected":false},"excerpt":{"rendered":"O ator Henri Castelli se pronunciou ap\u00f3s deixar o BBB 26 por ter sofrido duas crises de convuls\u00e3o.&hellip;\n","protected":false},"author":2,"featured_media":231039,"comment_status":"","ping_status":"","sticky":false,"template":"","format":"standard","meta":{"footnotes":""},"categories":[142],"tags":[114,115,32,33,32636,151],"class_list":{"0":"post-231038","1":"post","2":"type-post","3":"status-publish","4":"format-standard","5":"has-post-thumbnail","7":"category-tv","8":"tag-entertainment","9":"tag-entretenimento","10":"tag-portugal","11":"tag-pt","12":"tag-retrato","13":"tag-tv"},"share_on_mastodon":{"url":"https:\/\/pubeurope.com\/@pt\/115902869853830680","error":""},"_links":{"self":[{"href":"https:\/\/www.europesays.com\/pt\/wp-json\/wp\/v2\/posts\/231038","targetHints":{"allow":["GET"]}}],"collection":[{"href":"https:\/\/www.europesays.com\/pt\/wp-json\/wp\/v2\/posts"}],"about":[{"href":"https:\/\/www.europesays.com\/pt\/wp-json\/wp\/v2\/types\/post"}],"author":[{"embeddable":true,"href":"https:\/\/www.europesays.com\/pt\/wp-json\/wp\/v2\/users\/2"}],"replies":[{"embeddable":true,"href":"https:\/\/www.europesays.com\/pt\/wp-json\/wp\/v2\/comments?post=231038"}],"version-history":[{"count":0,"href":"https:\/\/www.europesays.com\/pt\/wp-json\/wp\/v2\/posts\/231038\/revisions"}],"wp:featuredmedia":[{"embeddable":true,"href":"https:\/\/www.europesays.com\/pt\/wp-json\/wp\/v2\/media\/231039"}],"wp:attachment":[{"href":"https:\/\/www.europesays.com\/pt\/wp-json\/wp\/v2\/media?parent=231038"}],"wp:term":[{"taxonomy":"category","embeddable":true,"href":"https:\/\/www.europesays.com\/pt\/wp-json\/wp\/v2\/categories?post=231038"},{"taxonomy":"post_tag","embeddable":true,"href":"https:\/\/www.europesays.com\/pt\/wp-json\/wp\/v2\/tags?post=231038"}],"curies":[{"name":"wp","href":"https:\/\/api.w.org\/{rel}","templated":true}]}}