{"id":231051,"date":"2026-01-16T05:03:09","date_gmt":"2026-01-16T05:03:09","guid":{"rendered":"https:\/\/www.europesays.com\/pt\/231051\/"},"modified":"2026-01-16T05:03:09","modified_gmt":"2026-01-16T05:03:09","slug":"por-que-thiaguinho-chama-angelica-de-madrinha-cantor-explica-a-luciano-huck","status":"publish","type":"post","link":"https:\/\/www.europesays.com\/pt\/231051\/","title":{"rendered":"Por que Thiaguinho chama Ang\u00e9lica de madrinha? Cantor explica a Luciano Huck"},"content":{"rendered":"<p class=\"bullet mt-0\" data-v-232111b4=\"\">Atra\u00e7\u00e3o musical do pr\u00f3ximo &#8220;Doming\u00e3o com Huck&#8221;, Thiaguinho, 42, abriu o cora\u00e7\u00e3o ao falar de sua rela\u00e7\u00e3o com Ang\u00e9lica, 52, esposa do apresentador Luciano Huck, 54.<\/p>\n<p>O que aconteceu<\/p>\n<p class=\"bullet\" data-v-232111b4=\"\"><strong>Na grava\u00e7\u00e3o, Thiaguinho explicou que chama a apresentadora de madrinha, porque era ela quem apresentava o programa &#8220;Fama&#8221;, onde ele foi revelado, em 2002. <\/strong>&#8220;At\u00e9 hoje, eu a chamo de madrinha, porque a minha primeira apresenta\u00e7\u00e3o na vida, na televis\u00e3o brasileira, foi no programa apresentado por ela e pelo Toni Garrido&#8221;.<\/p>\n<p class=\"bullet\" data-v-232111b4=\"\">Eu brinco que o &#8216;Fama&#8217; foi o meu vestibular e o Exaltasamba, minha faculdade. Porque quando eu entro no Exalta, a minha vida muda totalmente. Participar de um grupo onde eu sempre fui f\u00e3, sabe? A primeira m\u00fasica que aprendi a tocar no cavaquinho foi &#8216;Louca Paix\u00e3o&#8217;, l\u00e1 em Ponta Por\u00e3 e eu tinha 14, 15 anos. A\u00ed, com 19 eu tava no Exalta. Foi muito r\u00e1pido.<\/p>\n","protected":false},"excerpt":{"rendered":"Atra\u00e7\u00e3o musical do pr\u00f3ximo &#8220;Doming\u00e3o com Huck&#8221;, Thiaguinho, 42, abriu o cora\u00e7\u00e3o ao falar de sua rela\u00e7\u00e3o com&hellip;\n","protected":false},"author":2,"featured_media":231052,"comment_status":"","ping_status":"","sticky":false,"template":"","format":"standard","meta":{"footnotes":""},"categories":[145],"tags":[211,210,114,115,32,33],"class_list":{"0":"post-231051","1":"post","2":"type-post","3":"status-publish","4":"format-standard","5":"has-post-thumbnail","7":"category-celebridades","8":"tag-celebridades","9":"tag-celebrities","10":"tag-entertainment","11":"tag-entretenimento","12":"tag-portugal","13":"tag-pt"},"share_on_mastodon":{"url":"https:\/\/pubeurope.com\/@pt\/115903031028853429","error":""},"_links":{"self":[{"href":"https:\/\/www.europesays.com\/pt\/wp-json\/wp\/v2\/posts\/231051","targetHints":{"allow":["GET"]}}],"collection":[{"href":"https:\/\/www.europesays.com\/pt\/wp-json\/wp\/v2\/posts"}],"about":[{"href":"https:\/\/www.europesays.com\/pt\/wp-json\/wp\/v2\/types\/post"}],"author":[{"embeddable":true,"href":"https:\/\/www.europesays.com\/pt\/wp-json\/wp\/v2\/users\/2"}],"replies":[{"embeddable":true,"href":"https:\/\/www.europesays.com\/pt\/wp-json\/wp\/v2\/comments?post=231051"}],"version-history":[{"count":0,"href":"https:\/\/www.europesays.com\/pt\/wp-json\/wp\/v2\/posts\/231051\/revisions"}],"wp:featuredmedia":[{"embeddable":true,"href":"https:\/\/www.europesays.com\/pt\/wp-json\/wp\/v2\/media\/231052"}],"wp:attachment":[{"href":"https:\/\/www.europesays.com\/pt\/wp-json\/wp\/v2\/media?parent=231051"}],"wp:term":[{"taxonomy":"category","embeddable":true,"href":"https:\/\/www.europesays.com\/pt\/wp-json\/wp\/v2\/categories?post=231051"},{"taxonomy":"post_tag","embeddable":true,"href":"https:\/\/www.europesays.com\/pt\/wp-json\/wp\/v2\/tags?post=231051"}],"curies":[{"name":"wp","href":"https:\/\/api.w.org\/{rel}","templated":true}]}}