{"id":231061,"date":"2026-01-16T05:30:09","date_gmt":"2026-01-16T05:30:09","guid":{"rendered":"https:\/\/www.europesays.com\/pt\/231061\/"},"modified":"2026-01-16T05:30:09","modified_gmt":"2026-01-16T05:30:09","slug":"rafael-leao-queria-bater-penalti-mas-allegri-trocou-lhe-as-voltas","status":"publish","type":"post","link":"https:\/\/www.europesays.com\/pt\/231061\/","title":{"rendered":"Rafael Le\u00e3o queria bater pen\u00e1lti, mas Allegri trocou-lhe as voltas"},"content":{"rendered":"<p><a target=\"_blank\" class=\"editor-link autolink-enabled\" href=\"https:\/\/www.abola.pt\/futebol\/jogador\/rafael-leao-178944\" data-resource-id=\"178944\" data-resource-type=\"player\" data-sport=\"football\" rel=\"nofollow noopener\">Rafael Le\u00e3o<\/a> assistiu na vit\u00f3ria (3-1) com reviravolta do <a target=\"_blank\" class=\"editor-link autolink-enabled\" href=\"https:\/\/www.abola.pt\/futebol\/milan-245\" data-resource-id=\"245\" data-resource-type=\"team\" data-sport=\"football\" rel=\"nofollow noopener\">Milan<\/a> na desloca\u00e7\u00e3o ao terreno do Como, na 16.\u00aa jornada (em atraso) da <a target=\"_blank\" class=\"editor-link autolink-enabled\" href=\"https:\/\/www.abola.pt\/futebol\/competicao\/serie-a-7\" data-resource-id=\"7\" data-resource-type=\"competition\" data-sport=\"football\" rel=\"nofollow noopener\">Serie A<\/a>, mas tamb\u00e9m queria ter a oportunidade de colocar o nome na lista dos marcadores.<\/p>\n<p>O primeiro golo dos rossoneri surgiu atrav\u00e9s de pen\u00e1lti, em cima do intervalo. <a class=\"autolink-enabled\" data-resource-id=\"5682\" data-resource-type=\"player\" data-sport=\"football\" href=\"https:\/\/www.abola.pt\/futebol\/jogador\/adrien-rabiot-5682\" rel=\"nofollow noopener\" target=\"_blank\">Rabiot<\/a> sofreu falta de <a class=\"autolink-enabled\" data-resource-id=\"4348\" data-resource-type=\"player\" data-sport=\"football\" href=\"https:\/\/www.abola.pt\/futebol\/jogador\/marc-oliver-kempf-4348\" rel=\"nofollow noopener\" target=\"_blank\">Kempf<\/a> e foi assinalada grande penalidade. <a class=\"autolink-enabled\" data-resource-id=\"178944\" data-resource-type=\"player\" data-sport=\"football\" href=\"https:\/\/www.abola.pt\/futebol\/jogador\/rafael-leao-178944\" rel=\"nofollow noopener\" target=\"_blank\">Rafael Le\u00e3o<\/a> queria bater o pontap\u00e9 de pen\u00e1lti, mas, no banco, Allegri n\u00e3o autorizou.\u00a0<\/p>\n<p>Treinador e jogador trocaram argumentos, mas a decis\u00e3o estava tomada e o escolhido para bater foi <a class=\"autolink-enabled\" data-resource-id=\"6224\" data-resource-type=\"player\" data-sport=\"football\" href=\"https:\/\/www.abola.pt\/futebol\/jogador\/christopher-nkunku-6224\" rel=\"nofollow noopener\" target=\"_blank\">Nkunku<\/a>. <a class=\"autolink-enabled\" data-resource-id=\"178944\" data-resource-type=\"player\" data-sport=\"football\" href=\"https:\/\/www.abola.pt\/futebol\/jogador\/rafael-leao-178944\" rel=\"nofollow noopener\" target=\"_blank\">Rafael Le\u00e3o<\/a> acabou por aceitar a decis\u00e3o e deu a bola ao avan\u00e7ado franc\u00eas, que fez o empate para o <a class=\"autolink-enabled\" data-resource-id=\"245\" data-resource-type=\"team\" data-sport=\"football\" href=\"https:\/\/www.abola.pt\/futebol\/milan-245\" rel=\"nofollow noopener\" target=\"_blank\">Milan<\/a> aos 45\u2019.\u00a0<\/p>\n<p>Depois da partida, Allegri confirmou que <a class=\"autolink-enabled\" data-resource-id=\"178944\" data-resource-type=\"player\" data-sport=\"football\" href=\"https:\/\/www.abola.pt\/futebol\/jogador\/rafael-leao-178944\" rel=\"nofollow noopener\" target=\"_blank\">Rafael Le\u00e3o<\/a> queria bater a grande penalidade e explicou a situa\u00e7\u00e3o.\u00a0<\/p>\n<p>\u00abO <a target=\"_blank\" class=\"editor-link autolink-enabled\" href=\"https:\/\/www.abola.pt\/futebol\/jogador\/rafael-leao-178944\" data-resource-id=\"178944\" data-resource-type=\"player\" data-sport=\"football\" rel=\"nofollow noopener\">Rafael Le\u00e3o<\/a> esteve muito bem. No segundo golo, fez uma \u00f3tima jogada e passou uma bola maravilhosa ao <a target=\"_blank\" class=\"editor-link autolink-enabled\" href=\"https:\/\/www.abola.pt\/futebol\/jogador\/adrien-rabiot-5682\" data-resource-id=\"5682\" data-resource-type=\"player\" data-sport=\"football\" rel=\"nofollow noopener\">Rabiot<\/a>. Queria bater o pen\u00e1lti, mas achei melhor deixar o <a target=\"_blank\" class=\"editor-link autolink-enabled\" href=\"https:\/\/www.abola.pt\/futebol\/jogador\/christopher-nkunku-6224\" data-resource-id=\"6224\" data-resource-type=\"player\" data-sport=\"football\" rel=\"nofollow noopener\">Nkunku<\/a> bater, que \u00e9 batedor de grandes penalidades como o Rafa. \u00c9 muito dif\u00edcil jogar contra o Como. O <a target=\"_blank\" class=\"editor-link autolink-enabled\" href=\"https:\/\/www.abola.pt\/futebol\/jogador\/mike-maignan-6234\" data-resource-id=\"6234\" data-resource-type=\"player\" data-sport=\"football\" rel=\"nofollow noopener\">Maignan<\/a> manteve-nos em alerta e, na segunda parte, o jogo mudou\u00bb, comentou, aos microfones da DAZN.\u00a0<\/p>\n<p>O <a class=\"autolink-enabled\" data-resource-id=\"245\" data-resource-type=\"team\" data-sport=\"football\" href=\"https:\/\/www.abola.pt\/futebol\/milan-245\" rel=\"nofollow noopener\" target=\"_blank\">Milan<\/a> n\u00e3o perde o <a class=\"autolink-enabled\" data-resource-id=\"247\" data-resource-type=\"team\" data-sport=\"football\" href=\"https:\/\/www.abola.pt\/futebol\/inter-247\" rel=\"nofollow noopener\" target=\"_blank\">Inter<\/a> de vista e segue a tr\u00eas pontos da lideran\u00e7a da <a class=\"autolink-enabled\" data-resource-id=\"7\" data-resource-type=\"competition\" data-sport=\"football\" href=\"https:\/\/www.abola.pt\/futebol\/competicao\/serie-a-7\" rel=\"nofollow noopener\" target=\"_blank\">Serie A<\/a>.\u00a0<\/p>\n","protected":false},"excerpt":{"rendered":"Rafael Le\u00e3o assistiu na vit\u00f3ria (3-1) com reviravolta do Milan na desloca\u00e7\u00e3o ao terreno do Como, na 16.\u00aa&hellip;\n","protected":false},"author":2,"featured_media":231062,"comment_status":"","ping_status":"","sticky":false,"template":"","format":"standard","meta":{"footnotes":""},"categories":[8],"tags":[27,28,15,16,14,25,26,21,22,12,13,19,20,32,23,24,33,17,18,29,30,31],"class_list":{"0":"post-231061","1":"post","2":"type-post","3":"status-publish","4":"format-standard","5":"has-post-thumbnail","7":"category-principais-noticias","8":"tag-breaking-news","9":"tag-breakingnews","10":"tag-featured-news","11":"tag-featurednews","12":"tag-headlines","13":"tag-latest-news","14":"tag-latestnews","15":"tag-main-news","16":"tag-mainnews","17":"tag-news","18":"tag-noticias","19":"tag-noticias-principais","20":"tag-noticiasprincipais","21":"tag-portugal","22":"tag-principais-noticias","23":"tag-principaisnoticias","24":"tag-pt","25":"tag-top-stories","26":"tag-topstories","27":"tag-ultimas","28":"tag-ultimas-noticias","29":"tag-ultimasnoticias"},"share_on_mastodon":{"url":"https:\/\/pubeurope.com\/@pt\/115903137441848713","error":""},"_links":{"self":[{"href":"https:\/\/www.europesays.com\/pt\/wp-json\/wp\/v2\/posts\/231061","targetHints":{"allow":["GET"]}}],"collection":[{"href":"https:\/\/www.europesays.com\/pt\/wp-json\/wp\/v2\/posts"}],"about":[{"href":"https:\/\/www.europesays.com\/pt\/wp-json\/wp\/v2\/types\/post"}],"author":[{"embeddable":true,"href":"https:\/\/www.europesays.com\/pt\/wp-json\/wp\/v2\/users\/2"}],"replies":[{"embeddable":true,"href":"https:\/\/www.europesays.com\/pt\/wp-json\/wp\/v2\/comments?post=231061"}],"version-history":[{"count":0,"href":"https:\/\/www.europesays.com\/pt\/wp-json\/wp\/v2\/posts\/231061\/revisions"}],"wp:featuredmedia":[{"embeddable":true,"href":"https:\/\/www.europesays.com\/pt\/wp-json\/wp\/v2\/media\/231062"}],"wp:attachment":[{"href":"https:\/\/www.europesays.com\/pt\/wp-json\/wp\/v2\/media?parent=231061"}],"wp:term":[{"taxonomy":"category","embeddable":true,"href":"https:\/\/www.europesays.com\/pt\/wp-json\/wp\/v2\/categories?post=231061"},{"taxonomy":"post_tag","embeddable":true,"href":"https:\/\/www.europesays.com\/pt\/wp-json\/wp\/v2\/tags?post=231061"}],"curies":[{"name":"wp","href":"https:\/\/api.w.org\/{rel}","templated":true}]}}