{"id":231066,"date":"2026-01-16T05:37:08","date_gmt":"2026-01-16T05:37:08","guid":{"rendered":"https:\/\/www.europesays.com\/pt\/231066\/"},"modified":"2026-01-16T05:37:08","modified_gmt":"2026-01-16T05:37:08","slug":"sporting-garante-faye-e-mourinho-no-radar-do-real-madrid","status":"publish","type":"post","link":"https:\/\/www.europesays.com\/pt\/231066\/","title":{"rendered":"Sporting garante Faye e Mourinho no radar do Real Madrid"},"content":{"rendered":"<p data-remotead-prev-elm=\"true\" data-remotead-elm-id=\"inread\"><strong>Sporting:<\/strong> J\u00e1 h\u00e1 acordo da SAD leonina com o Granada para a contrata\u00e7\u00e3o do extremo Faye. O senegal\u00eas, de 22 anos, vai custar 6,5 milh\u00f5es de euros ao Sporting, sendo que o clube espanhol fica com direito a 10% das mais-valias de uma futura transfer\u00eancia. Em Alvalade, Faye tem \u00e0 espera um contrato at\u00e9 2030, com cl\u00e1usula de rescis\u00e3o de 80 milh\u00f5es de euros.<\/p>\n<p><strong>Benfica: <\/strong>Em Espanha, o nome de Jos\u00e9 Mourinho foi avan\u00e7ado na r\u00e1dio Cadena Cope como uma das hip\u00f3teses para assumir o comando do Real Madrid na pr\u00f3xima \u00e9poca, ap\u00f3s o despedimento de Xabi Alonso. O interino Arbeloa n\u00e3o \u00e9 visto como um nome suficientemente forte e o presidente merengue, Florentino P\u00e9rez, poder\u00e1 ver com bons olhos o regresso do portugu\u00eas ao clube do Santiago Bernab\u00e9u.<\/p>\n<p><strong>Moreirense:<\/strong> O clube minhoto oficializou a rescis\u00e3o do contrato com o central Marcelo, que terminava no final da \u00e9poca. O defesa brasileiro vai agora representar a Uni\u00e3o de Leiria, da Liga 2.<\/p>\n<p data-remotead-prev-elm=\"true\" data-remotead-elm-id=\"centro1\"><strong>AVS:<\/strong> Segundo o jornal &#8220;O Jogo&#8221;, o m\u00e9dio Bruno Louren\u00e7o est\u00e1 em vias de sair do clube da Vila das Aves, para rumar ao Olimpia Ljubljana, da Eslov\u00e9nia. A confirmar-se, sai do AVS meia \u00e9poca depois de ter sido contratado ao Amedspor, da Turquia.<\/p>\n<p><strong>West Ham:<\/strong> O clube londrino, cujo treinador \u00e9 o portugu\u00eas Nuno Esp\u00edrito Santo, aceita vender o m\u00e9dio Lucas Paquet\u00e1, que quer regressar ao Flamengo, mas prop\u00f4s que o jogador seja imediatamente emprestado de volta, para poder ajudar os &#8220;hammers&#8221; na luta pela perman\u00eancia na Premier League.<\/p>\n<p><strong>Fulham:<\/strong> O extremo gal\u00eas Harry Wilson tem estado em foco no clube londrino, a ponto da atrair a aten\u00e7\u00e3o de outros emblemas da liga inglesa, mas o t\u00e9cnico Marco Silva n\u00e3o admite uma sa\u00edda em janeiro. &#8220;Sei que come\u00e7ar\u00e1 a haver algum ru\u00eddo sobre a possibilidade de ele sair nesta janela, mas n\u00e3o h\u00e1 hip\u00f3teses, zero chances&#8221;, disse o treinador portugu\u00eas dos &#8220;cottagers&#8221;.<\/p>\n<p data-remotead-prev-elm=\"true\" data-remotead-elm-id=\"centro2\"><strong>Atalanta:<\/strong> O clube de B\u00e9rgamo oficializou a contrata\u00e7\u00e3o do avan\u00e7ado Giacomo Raspadori ao Atl\u00e9tico Madrid, onde ficou por apenas seis meses, depois de ter sido contratado ao N\u00e1poles. Segundo a Imprensa italiana, a transfer\u00eancia custa 20 milh\u00f5es de euros.<\/p>\n<p><strong>Manchester United:<\/strong> Segundo ex-jogador e atual comentador televisivo, Gary Neville, considera Thomas Tuchel, Carlo Ancelotti e Mauricio Pochettino as melhores op\u00e7\u00f5es para assumir o comando dos &#8220;red devils&#8221; no in\u00edcio da pr\u00f3xima \u00e9poca. O antigo lateral considera que os selecionadores de Inglaterra, Brasil e EUA poder\u00e3o ficar livres ap\u00f3s o Mundial 2026.<\/p>\n","protected":false},"excerpt":{"rendered":"Sporting: J\u00e1 h\u00e1 acordo da SAD leonina com o Granada para a contrata\u00e7\u00e3o do extremo Faye. O senegal\u00eas,&hellip;\n","protected":false},"author":2,"featured_media":231067,"comment_status":"","ping_status":"","sticky":false,"template":"","format":"standard","meta":{"footnotes":""},"categories":[87],"tags":[42062,135,524,41,32,33,134],"class_list":{"0":"post-231066","1":"post","2":"type-post","3":"status-publish","4":"format-standard","5":"has-post-thumbnail","7":"category-desporto","8":"tag-ataque-ao-mercado","9":"tag-desporto","10":"tag-futebol","11":"tag-mercado-de-transferencias","12":"tag-portugal","13":"tag-pt","14":"tag-sports"},"share_on_mastodon":{"url":"https:\/\/pubeurope.com\/@pt\/115903164721981356","error":""},"_links":{"self":[{"href":"https:\/\/www.europesays.com\/pt\/wp-json\/wp\/v2\/posts\/231066","targetHints":{"allow":["GET"]}}],"collection":[{"href":"https:\/\/www.europesays.com\/pt\/wp-json\/wp\/v2\/posts"}],"about":[{"href":"https:\/\/www.europesays.com\/pt\/wp-json\/wp\/v2\/types\/post"}],"author":[{"embeddable":true,"href":"https:\/\/www.europesays.com\/pt\/wp-json\/wp\/v2\/users\/2"}],"replies":[{"embeddable":true,"href":"https:\/\/www.europesays.com\/pt\/wp-json\/wp\/v2\/comments?post=231066"}],"version-history":[{"count":0,"href":"https:\/\/www.europesays.com\/pt\/wp-json\/wp\/v2\/posts\/231066\/revisions"}],"wp:featuredmedia":[{"embeddable":true,"href":"https:\/\/www.europesays.com\/pt\/wp-json\/wp\/v2\/media\/231067"}],"wp:attachment":[{"href":"https:\/\/www.europesays.com\/pt\/wp-json\/wp\/v2\/media?parent=231066"}],"wp:term":[{"taxonomy":"category","embeddable":true,"href":"https:\/\/www.europesays.com\/pt\/wp-json\/wp\/v2\/categories?post=231066"},{"taxonomy":"post_tag","embeddable":true,"href":"https:\/\/www.europesays.com\/pt\/wp-json\/wp\/v2\/tags?post=231066"}],"curies":[{"name":"wp","href":"https:\/\/api.w.org\/{rel}","templated":true}]}}