{"id":231068,"date":"2026-01-16T05:44:17","date_gmt":"2026-01-16T05:44:17","guid":{"rendered":"https:\/\/www.europesays.com\/pt\/231068\/"},"modified":"2026-01-16T05:44:17","modified_gmt":"2026-01-16T05:44:17","slug":"taca-de-portugal-eis-os-jogos-das-meias-finais-2","status":"publish","type":"post","link":"https:\/\/www.europesays.com\/pt\/231068\/","title":{"rendered":"Ta\u00e7a de Portugal: eis os jogos das meias-finais"},"content":{"rendered":"<p class=\"category\"><a href=\"https:\/\/sicnoticias.pt\/desporto\/futebol-nacional\" rel=\"nofollow noopener\" target=\"_blank\">Futebol Nacional<\/a><\/p>\n<p class=\"g-article-lead lead\" data-field=\"lead\">O FC Porto vai defrontar o vencedor da eliminat\u00f3ria entre Sporting e AVS nas meias-finais da Ta\u00e7a de Portugal em futebol, ditou hoje o sorteio, estando garantida na final a presen\u00e7a de uma equipa de escal\u00e3o secund\u00e1rio.<\/p>\n<p><img decoding=\"async\" src=\"https:\/\/www.europesays.com\/pt\/wp-content\/uploads\/2025\/12\/1766616434_423_original.webp\" alt=\"Ta\u00e7a de Portugal: eis os jogos das meias-finais\"\/><\/p>\n<p>Reprodu\u00e7\u00e3o\/FPF<\/p>\n<p><strong>Nas meias-finais da Ta\u00e7a de Portugal, ditou o sorteio realizado esta quinta-feira na Cidade do Futebol, que o Fafe vai receber o Torreense, enquanto o FC Porto visitar\u00e1 o vencedor do AVS SAD &#8211; Sporting, que est\u00e1 marcado para dia 3 de fevereiro.<\/strong><\/p>\n<p>O<strong> FC Porto<\/strong>, l\u00edder isolado da I Liga, imp\u00f4s-se ao rival Benfica, por 1-0, para assegurar uma das vagas nas meias-finais, juntamente com os &#8216;secund\u00e1rios&#8217; Torreense, da II Liga, que afastou a Uni\u00e3o de Leiria, do mesmo escal\u00e3o, e o &#8216;tomba-gigantes&#8217; Fafe, da Liga 3, &#8216;carrasco&#8217; do Sporting de Braga.<\/p>\n<p>O<strong> Torreense,<\/strong> oitavo na II Liga, est\u00e1 pela segunda vez nas meias-finais, 70 anos depois de ter chegado \u00e0 final da Ta\u00e7a, em 1955\/56, quando foi batido na decis\u00e3o pelo FC Porto (2-0).<\/p>\n<p>O<strong> Fafe<\/strong>, quarto da S\u00e9rie A da Liga 3, chega pela terceira vez a esta fase, reeditando os feitos de 1976\/77 e 1978\/79, tendo, ent\u00e3o sido batido por FC Porto e Sporting, respetivamente<strong>.<\/strong><\/p>\n<p>As &#8216;meias&#8217;, que v\u00e3o deixar de ser jogadas a duas m\u00e3os a partir da pr\u00f3xima \u00e9poca, est\u00e3o originalmente previstas para 3 a 5 de mar\u00e7o e 21 a 23 de abril, ao passo que a final da 86.\u00aa edi\u00e7\u00e3o da Ta\u00e7a de Portugal disputa-se em 24 de maio.<\/p>\n","protected":false},"excerpt":{"rendered":"Futebol Nacional O FC Porto vai defrontar o vencedor da eliminat\u00f3ria entre Sporting e AVS nas meias-finais da&hellip;\n","protected":false},"author":2,"featured_media":201456,"comment_status":"","ping_status":"","sticky":false,"template":"","format":"standard","meta":{"footnotes":""},"categories":[8],"tags":[27,28,15,16,14,25,26,21,22,12,13,19,20,32,23,24,33,17,18,29,30,31],"class_list":{"0":"post-231068","1":"post","2":"type-post","3":"status-publish","4":"format-standard","5":"has-post-thumbnail","7":"category-principais-noticias","8":"tag-breaking-news","9":"tag-breakingnews","10":"tag-featured-news","11":"tag-featurednews","12":"tag-headlines","13":"tag-latest-news","14":"tag-latestnews","15":"tag-main-news","16":"tag-mainnews","17":"tag-news","18":"tag-noticias","19":"tag-noticias-principais","20":"tag-noticiasprincipais","21":"tag-portugal","22":"tag-principais-noticias","23":"tag-principaisnoticias","24":"tag-pt","25":"tag-top-stories","26":"tag-topstories","27":"tag-ultimas","28":"tag-ultimas-noticias","29":"tag-ultimasnoticias"},"share_on_mastodon":{"url":"https:\/\/pubeurope.com\/@pt\/115903192396458020","error":""},"_links":{"self":[{"href":"https:\/\/www.europesays.com\/pt\/wp-json\/wp\/v2\/posts\/231068","targetHints":{"allow":["GET"]}}],"collection":[{"href":"https:\/\/www.europesays.com\/pt\/wp-json\/wp\/v2\/posts"}],"about":[{"href":"https:\/\/www.europesays.com\/pt\/wp-json\/wp\/v2\/types\/post"}],"author":[{"embeddable":true,"href":"https:\/\/www.europesays.com\/pt\/wp-json\/wp\/v2\/users\/2"}],"replies":[{"embeddable":true,"href":"https:\/\/www.europesays.com\/pt\/wp-json\/wp\/v2\/comments?post=231068"}],"version-history":[{"count":0,"href":"https:\/\/www.europesays.com\/pt\/wp-json\/wp\/v2\/posts\/231068\/revisions"}],"wp:featuredmedia":[{"embeddable":true,"href":"https:\/\/www.europesays.com\/pt\/wp-json\/wp\/v2\/media\/201456"}],"wp:attachment":[{"href":"https:\/\/www.europesays.com\/pt\/wp-json\/wp\/v2\/media?parent=231068"}],"wp:term":[{"taxonomy":"category","embeddable":true,"href":"https:\/\/www.europesays.com\/pt\/wp-json\/wp\/v2\/categories?post=231068"},{"taxonomy":"post_tag","embeddable":true,"href":"https:\/\/www.europesays.com\/pt\/wp-json\/wp\/v2\/tags?post=231068"}],"curies":[{"name":"wp","href":"https:\/\/api.w.org\/{rel}","templated":true}]}}