{"id":231090,"date":"2026-01-16T06:29:22","date_gmt":"2026-01-16T06:29:22","guid":{"rendered":"https:\/\/www.europesays.com\/pt\/231090\/"},"modified":"2026-01-16T06:29:22","modified_gmt":"2026-01-16T06:29:22","slug":"ad-e-governo-a-prova-psd-nao-deve-declarar-apoio-numa-segunda-volta-sem-mendes","status":"publish","type":"post","link":"https:\/\/www.europesays.com\/pt\/231090\/","title":{"rendered":"AD e Governo \u00e0 prova: PSD n\u00e3o deve declarar apoio numa segunda volta sem Mendes"},"content":{"rendered":"<p>Com poucas certezas e preparado para todos os cen\u00e1rios, o Governo sabe que tamb\u00e9m estar\u00e1 \u00e0 prova no pr\u00f3ximo domingo. Se o candidato da AD ficar fora da segunda volta, h\u00e1 um problema. O resultado \u00e9 demasiado incerto e o ticket que sair de dia 18 pode corroer a estabilidade pol\u00edtica. Lu\u00eds Marques Mendes, que foi dramatizando durante a campanha, procurou nos \u00faltimos dias chamar a si a responsabilidade, ilibando o Governo e o PSD \u2014 passar \u00e0 segunda volta \u00e9 \u201cresponsabilidade\u201d apenas sua, afirmou.<\/p>\n<p><a href=\"https:\/\/expresso.pt\/subscrever?action=GEN&amp;channel=BAF&amp;type=CAP&amp;source=WEB&amp;returnUrl=https:\/\/expresso.pt\/politica\/eleicoes\/presidenciais-2026\/2026-01-15-ad-e-governo-a-prova-psd-nao-deve-declarar-apoio-numa-segunda-volta-sem-mendes-3426e549&amp;utm_source=expresso&amp;utm_medium=locked_article&amp;locked=true&amp;article_id=e065fb07-47c6-4a42-b9fc-60ae5c839e9d&amp;author_id=Paula+Caeiro+Varela,Rita+Dinis&amp;category=Presidenciais+2026\" target=\"_self\" class=\"\" rel=\"nofollow noopener\">Subscrever<\/a>J\u00e1 \u00e9 Subscritor?Fa\u00e7a login e continue a ler<a href=\"http:\/\/expresso.pt\/codigo?redirectUrl=https:\/\/expresso.pt\/politica\/eleicoes\/presidenciais-2026\/2026-01-15-ad-e-governo-a-prova-psd-nao-deve-declarar-apoio-numa-segunda-volta-sem-mendes-3426e549\" target=\"_self\" class=\"\" rel=\"nofollow noopener\">Inserir C\u00f3digo<\/a>Comprou o Expresso?Insira o c\u00f3digo presente na Revista E para continuar a ler<\/p>\n","protected":false},"excerpt":{"rendered":"Com poucas certezas e preparado para todos os cen\u00e1rios, o Governo sabe que tamb\u00e9m estar\u00e1 \u00e0 prova no&hellip;\n","protected":false},"author":2,"featured_media":231091,"comment_status":"","ping_status":"","sticky":false,"template":"","format":"standard","meta":{"footnotes":""},"categories":[8],"tags":[27,28,15,16,14,25,26,21,22,12,13,19,20,32,23,24,33,17,18,29,30,31],"class_list":{"0":"post-231090","1":"post","2":"type-post","3":"status-publish","4":"format-standard","5":"has-post-thumbnail","7":"category-principais-noticias","8":"tag-breaking-news","9":"tag-breakingnews","10":"tag-featured-news","11":"tag-featurednews","12":"tag-headlines","13":"tag-latest-news","14":"tag-latestnews","15":"tag-main-news","16":"tag-mainnews","17":"tag-news","18":"tag-noticias","19":"tag-noticias-principais","20":"tag-noticiasprincipais","21":"tag-portugal","22":"tag-principais-noticias","23":"tag-principaisnoticias","24":"tag-pt","25":"tag-top-stories","26":"tag-topstories","27":"tag-ultimas","28":"tag-ultimas-noticias","29":"tag-ultimasnoticias"},"share_on_mastodon":{"url":"https:\/\/pubeurope.com\/@pt\/115903369252953365","error":""},"_links":{"self":[{"href":"https:\/\/www.europesays.com\/pt\/wp-json\/wp\/v2\/posts\/231090","targetHints":{"allow":["GET"]}}],"collection":[{"href":"https:\/\/www.europesays.com\/pt\/wp-json\/wp\/v2\/posts"}],"about":[{"href":"https:\/\/www.europesays.com\/pt\/wp-json\/wp\/v2\/types\/post"}],"author":[{"embeddable":true,"href":"https:\/\/www.europesays.com\/pt\/wp-json\/wp\/v2\/users\/2"}],"replies":[{"embeddable":true,"href":"https:\/\/www.europesays.com\/pt\/wp-json\/wp\/v2\/comments?post=231090"}],"version-history":[{"count":0,"href":"https:\/\/www.europesays.com\/pt\/wp-json\/wp\/v2\/posts\/231090\/revisions"}],"wp:featuredmedia":[{"embeddable":true,"href":"https:\/\/www.europesays.com\/pt\/wp-json\/wp\/v2\/media\/231091"}],"wp:attachment":[{"href":"https:\/\/www.europesays.com\/pt\/wp-json\/wp\/v2\/media?parent=231090"}],"wp:term":[{"taxonomy":"category","embeddable":true,"href":"https:\/\/www.europesays.com\/pt\/wp-json\/wp\/v2\/categories?post=231090"},{"taxonomy":"post_tag","embeddable":true,"href":"https:\/\/www.europesays.com\/pt\/wp-json\/wp\/v2\/tags?post=231090"}],"curies":[{"name":"wp","href":"https:\/\/api.w.org\/{rel}","templated":true}]}}