{"id":231100,"date":"2026-01-16T07:12:17","date_gmt":"2026-01-16T07:12:17","guid":{"rendered":"https:\/\/www.europesays.com\/pt\/231100\/"},"modified":"2026-01-16T07:12:17","modified_gmt":"2026-01-16T07:12:17","slug":"ventura-dedica-aniversario-aos-ex-combatentes-e-lanca-ofensiva-contra-gouveia-e-melo","status":"publish","type":"post","link":"https:\/\/www.europesays.com\/pt\/231100\/","title":{"rendered":"Ventura dedica anivers\u00e1rio aos ex-combatentes e lan\u00e7a ofensiva contra Gouveia e Melo"},"content":{"rendered":"<p>Andr\u00e9 Ventura tem argumentado nos \u00faltimos dias que procurou fazer uma campanha sem \u201cpicardias\u201d, sem \u201cdespiques\u201d, sem respostas ou ataques a outros advers\u00e1rios. No dia em que dedicou o seu 43.\u00ba anivers\u00e1rio e o seu discurso aos antigos combatentes da Guerra Colonial, n\u00e3o se conteve. Recebeu dos ex-combatentes um camuflado militar, que usou durante a interven\u00e7\u00e3o em Ponte de Lima e, \u00e0 noite, atacou Henrique Gouveia e Melo com a oferta da tarde: \u201cForam antigos combatentes que me ofereceram, por alguma raz\u00e3o n\u00e3o lhe ofereceram a ele.\u201d<\/p>\n<p><a href=\"https:\/\/expresso.pt\/subscrever?action=GEN&amp;channel=BAF&amp;type=CAP&amp;source=WEB&amp;returnUrl=https:\/\/expresso.pt\/politica\/eleicoes\/presidenciais-2026\/2026-01-16-ventura-dedica-aniversario-aos-ex-combatentes-e-lanca-ofensiva-contra-gouveia-e-melo---31163815&amp;utm_source=expresso&amp;utm_medium=locked_article&amp;locked=true&amp;article_id=580ecc3c-f462-4d42-bfd6-044f8773cbd0&amp;author_id=H\u00e9lio+Carvalho,Ana+Bai\u00e3o&amp;category=Presidenciais+2026\" target=\"_self\" class=\"\" rel=\"nofollow noopener\">Subscrever<\/a>J\u00e1 \u00e9 Subscritor?Fa\u00e7a login e continue a ler<a href=\"http:\/\/expresso.pt\/codigo?redirectUrl=https:\/\/expresso.pt\/politica\/eleicoes\/presidenciais-2026\/2026-01-16-ventura-dedica-aniversario-aos-ex-combatentes-e-lanca-ofensiva-contra-gouveia-e-melo---31163815\" target=\"_self\" class=\"\" rel=\"nofollow noopener\">Inserir C\u00f3digo<\/a>Comprou o Expresso?Insira o c\u00f3digo presente na Revista E para continuar a ler<\/p>\n","protected":false},"excerpt":{"rendered":"Andr\u00e9 Ventura tem argumentado nos \u00faltimos dias que procurou fazer uma campanha sem \u201cpicardias\u201d, sem \u201cdespiques\u201d, sem respostas&hellip;\n","protected":false},"author":2,"featured_media":231101,"comment_status":"","ping_status":"","sticky":false,"template":"","format":"standard","meta":{"footnotes":""},"categories":[10],"tags":[27,28,15,16,14,25,26,21,22,12,13,19,20,32,23,24,33,17,18,29,30,31],"class_list":{"0":"post-231100","1":"post","2":"type-post","3":"status-publish","4":"format-standard","5":"has-post-thumbnail","7":"category-portugal","8":"tag-breaking-news","9":"tag-breakingnews","10":"tag-featured-news","11":"tag-featurednews","12":"tag-headlines","13":"tag-latest-news","14":"tag-latestnews","15":"tag-main-news","16":"tag-mainnews","17":"tag-news","18":"tag-noticias","19":"tag-noticias-principais","20":"tag-noticiasprincipais","21":"tag-portugal","22":"tag-principais-noticias","23":"tag-principaisnoticias","24":"tag-pt","25":"tag-top-stories","26":"tag-topstories","27":"tag-ultimas","28":"tag-ultimas-noticias","29":"tag-ultimasnoticias"},"share_on_mastodon":{"url":"https:\/\/pubeurope.com\/@pt\/115903538305613519","error":""},"_links":{"self":[{"href":"https:\/\/www.europesays.com\/pt\/wp-json\/wp\/v2\/posts\/231100","targetHints":{"allow":["GET"]}}],"collection":[{"href":"https:\/\/www.europesays.com\/pt\/wp-json\/wp\/v2\/posts"}],"about":[{"href":"https:\/\/www.europesays.com\/pt\/wp-json\/wp\/v2\/types\/post"}],"author":[{"embeddable":true,"href":"https:\/\/www.europesays.com\/pt\/wp-json\/wp\/v2\/users\/2"}],"replies":[{"embeddable":true,"href":"https:\/\/www.europesays.com\/pt\/wp-json\/wp\/v2\/comments?post=231100"}],"version-history":[{"count":0,"href":"https:\/\/www.europesays.com\/pt\/wp-json\/wp\/v2\/posts\/231100\/revisions"}],"wp:featuredmedia":[{"embeddable":true,"href":"https:\/\/www.europesays.com\/pt\/wp-json\/wp\/v2\/media\/231101"}],"wp:attachment":[{"href":"https:\/\/www.europesays.com\/pt\/wp-json\/wp\/v2\/media?parent=231100"}],"wp:term":[{"taxonomy":"category","embeddable":true,"href":"https:\/\/www.europesays.com\/pt\/wp-json\/wp\/v2\/categories?post=231100"},{"taxonomy":"post_tag","embeddable":true,"href":"https:\/\/www.europesays.com\/pt\/wp-json\/wp\/v2\/tags?post=231100"}],"curies":[{"name":"wp","href":"https:\/\/api.w.org\/{rel}","templated":true}]}}