{"id":231105,"date":"2026-01-16T07:26:10","date_gmt":"2026-01-16T07:26:10","guid":{"rendered":"https:\/\/www.europesays.com\/pt\/231105\/"},"modified":"2026-01-16T07:26:10","modified_gmt":"2026-01-16T07:26:10","slug":"cavaco-silva-sem-duvidas-marques-mendes-sera-muito-exigente-em-relacao-ao-governo","status":"publish","type":"post","link":"https:\/\/www.europesays.com\/pt\/231105\/","title":{"rendered":"Cavaco Silva sem d\u00favidas: &#8220;Marques Mendes ser\u00e1 muito exigente em rela\u00e7\u00e3o ao Governo&#8221;"},"content":{"rendered":"<p data-remotead-prev-elm=\"true\" data-remotead-elm-id=\"inread\">O antigo Presidente da Rep\u00fablica Cavaco Silva defendeu esta quinta-feira que Marques Mendes ser\u00e1 um chefe de Estado independente em rela\u00e7\u00e3o aos partidos pol\u00edticos e manifestou a convic\u00e7\u00e3o de que ser\u00e1 &#8220;muito exigente em rela\u00e7\u00e3o ao Governo&#8221;.<\/p>\n<p>Numa mensagem em v\u00eddeo gravada, transmitida no com\u00edcio do pen\u00faltimo dia de campanha de Marques Mendes, no Porto, o antigo chefe de Estado apontou Lu\u00eds Marques Mendes como &#8220;a escolha certa&#8221; para garantir a estabilidade pol\u00edtica, deixando outras convic\u00e7\u00f5es sobre o candidato apoiado por PSD e CDS-PP.<\/p>\n<p>&#8220;Conhe\u00e7o o dr. Marques Mendes h\u00e1 muitos anos. Os portugueses podem estar certos de que Marques Mendes falar\u00e1 a verdade e que ser\u00e1 independente em rela\u00e7\u00e3o \u00e0s diferentes for\u00e7as partid\u00e1rias. E podem estar certos de que Marques Mendes ser\u00e1 muito exigente em rela\u00e7\u00e3o ao governo&#8221;, sublinhou.<\/p>\n<p data-remotead-prev-elm=\"true\" data-remotead-elm-id=\"centro1\">Cavaco cita o fundador do PSD Francisco S\u00e1 Carneiro para defender que &#8220;Marques Mendes saber\u00e1 p\u00f4r o interesse nacional sempre, sempre em primeiro lugar&#8221;.<\/p>\n<p>&#8220;O dr. Marques Mendes saber\u00e1 atuar como reserva de \u00faltimo recurso se o nosso pa\u00eds for atingido por uma crise grave&#8221;, referiu.<\/p>\n<p>Na sua mensagem em v\u00eddeo &#8211; que ser\u00e1 a participa\u00e7\u00e3o de Cavaco Silva nesta campanha, que hoje j\u00e1 tinha sido admitida por Marques Mendes -, o antigo chefe de Estado come\u00e7ou por lamentar que se tenha falado pouco nestas duas semanas &#8220;daquilo que realmente importa para os pr\u00f3ximos cinco anos&#8221;.<\/p>\n<p data-remotead-prev-elm=\"true\" data-remotead-elm-id=\"centro2\">&#8220;Pela experi\u00eancia e conhecimento que acumulei como primeiro-ministro e como Presidente da Rep\u00fablica, sei que a escolha do pr\u00f3ximo domingo \u00e9 muit\u00edssimo importante para o futuro de Portugal. A escolha de um Presidente da Rep\u00fablica, capaz de garantir a estabilidade pol\u00edtica, capaz de construir pontes e consensos, \u00e9 da maior import\u00e2ncia nestes tempos de grandes incertezas e graves amea\u00e7as&#8221;, salientou.<\/p>\n<p>Cavaco Silva reafirmou que Mendes &#8220;\u00e9 a escolha certa&#8221; para suceder a Marcelo Rebelo de Sousa em Bel\u00e9m, dizendo que &#8220;tem as qualidades pessoais e as compet\u00eancias para garantir a estabilidade pol\u00edtica&#8221;.<\/p>\n<p>&#8220;Estabilidade pol\u00edtica que \u00e9 imprescind\u00edvel para que ocorra uma melhoria das condi\u00e7\u00f5es de vida dos portugueses. \u00c9 fundamental que o futuro Presidente conhe\u00e7a bem o funcionamento das institui\u00e7\u00f5es do nosso sistema pol\u00edtico e consiga alcan\u00e7ar entendimentos entre os partidos pol\u00edticos, entre as for\u00e7as econ\u00f3micas e sociais, entre o Governo e a oposi\u00e7\u00e3o&#8221;, acrescenta.<\/p>\n<p data-remotead-prev-elm=\"true\" data-remotead-elm-id=\"centro3\">A mensagem termina com um apelo a todos os portugueses que n\u00e3o deixem de votar no pr\u00f3ximo domingo.<\/p>\n<p>&#8220;Est\u00e1 em causa o futuro do nosso pa\u00eds. Marques Mendes \u00e9, claramente, a escolha certa&#8221;, referiu, num com\u00edcio onde discursaram o presidente da C\u00e2mara Municipal do Porto, Pedro Duarte, e o mandat\u00e1rio nacional da candidatura, o ex-autarca Rui Moreira.<\/p>\n<p>As elei\u00e7\u00f5es presidenciais est\u00e3o marcadas para 18 de janeiro de 2026.<\/p>\n<p data-remotead-prev-elm=\"true\" data-remotead-elm-id=\"centro4\">Concorrem \u00e0s presidenciais 11 candidatos, um n\u00famero recorde. Caso nenhum consiga mais de metade dos votos validamente expressos, realizar-se-\u00e1 uma segunda volta a 08 de fevereiro entre os dois mais votados.<\/p>\n<p>Os candidatos s\u00e3o Gouveia e Melo, Lu\u00eds Marques Mendes (apoiado pelo PSD e CDS), Ant\u00f3nio Filipe (apoiado pelo PCP), Catarina Martins (Bloco de Esquerda), Ant\u00f3nio Jos\u00e9 Seguro (apoiado pelo PS), o pintor Humberto Correia, o sindicalista Andr\u00e9 Pestana, Jorge Pinto (apoiado pelo Livre), Cotrim Figueiredo (apoiado pela Iniciativa Liberal), Andr\u00e9 Ventura (apoiado pelo Chega) e o m\u00fasico Manuel Jo\u00e3o Vieira.<\/p>\n","protected":false},"excerpt":{"rendered":"O antigo Presidente da Rep\u00fablica Cavaco Silva defendeu esta quinta-feira que Marques Mendes ser\u00e1 um chefe de Estado&hellip;\n","protected":false},"author":2,"featured_media":231106,"comment_status":"","ping_status":"","sticky":false,"template":"","format":"standard","meta":{"footnotes":""},"categories":[10],"tags":[27,28,44248,15,16,14,25,26,21,22,12,13,19,20,52,32,5215,1076,23,24,33,17,18,29,30,31],"class_list":{"0":"post-231105","1":"post","2":"type-post","3":"status-publish","4":"format-standard","5":"has-post-thumbnail","7":"category-portugal","8":"tag-breaking-news","9":"tag-breakingnews","10":"tag-eleiloes-presidenciais","11":"tag-featured-news","12":"tag-featurednews","13":"tag-headlines","14":"tag-latest-news","15":"tag-latestnews","16":"tag-main-news","17":"tag-mainnews","18":"tag-news","19":"tag-noticias","20":"tag-noticias-principais","21":"tag-noticiasprincipais","22":"tag-politica","23":"tag-portugal","24":"tag-presidenciais","25":"tag-presidenciais-2026","26":"tag-principais-noticias","27":"tag-principaisnoticias","28":"tag-pt","29":"tag-top-stories","30":"tag-topstories","31":"tag-ultimas","32":"tag-ultimas-noticias","33":"tag-ultimasnoticias"},"share_on_mastodon":{"url":"https:\/\/pubeurope.com\/@pt\/115903593393528788","error":""},"_links":{"self":[{"href":"https:\/\/www.europesays.com\/pt\/wp-json\/wp\/v2\/posts\/231105","targetHints":{"allow":["GET"]}}],"collection":[{"href":"https:\/\/www.europesays.com\/pt\/wp-json\/wp\/v2\/posts"}],"about":[{"href":"https:\/\/www.europesays.com\/pt\/wp-json\/wp\/v2\/types\/post"}],"author":[{"embeddable":true,"href":"https:\/\/www.europesays.com\/pt\/wp-json\/wp\/v2\/users\/2"}],"replies":[{"embeddable":true,"href":"https:\/\/www.europesays.com\/pt\/wp-json\/wp\/v2\/comments?post=231105"}],"version-history":[{"count":0,"href":"https:\/\/www.europesays.com\/pt\/wp-json\/wp\/v2\/posts\/231105\/revisions"}],"wp:featuredmedia":[{"embeddable":true,"href":"https:\/\/www.europesays.com\/pt\/wp-json\/wp\/v2\/media\/231106"}],"wp:attachment":[{"href":"https:\/\/www.europesays.com\/pt\/wp-json\/wp\/v2\/media?parent=231105"}],"wp:term":[{"taxonomy":"category","embeddable":true,"href":"https:\/\/www.europesays.com\/pt\/wp-json\/wp\/v2\/categories?post=231105"},{"taxonomy":"post_tag","embeddable":true,"href":"https:\/\/www.europesays.com\/pt\/wp-json\/wp\/v2\/tags?post=231105"}],"curies":[{"name":"wp","href":"https:\/\/api.w.org\/{rel}","templated":true}]}}