{"id":231113,"date":"2026-01-16T07:42:10","date_gmt":"2026-01-16T07:42:10","guid":{"rendered":"https:\/\/www.europesays.com\/pt\/231113\/"},"modified":"2026-01-16T07:42:10","modified_gmt":"2026-01-16T07:42:10","slug":"que-se-lixe-montenegro-observador","status":"publish","type":"post","link":"https:\/\/www.europesays.com\/pt\/231113\/","title":{"rendered":"&#8220;Que se lixe Montenegro&#8221; \u2013 Observador"},"content":{"rendered":"<p>Mais tarde, ap\u00f3s a resposta de Gouveia e Melo sobre o fato, fez quest\u00e3o de esclarecer que o camuflado foi oferecido por antigos combatentes: \u201cPor alguma raz\u00e3o me <strong>ofereceram a mim<\/strong> e n\u00e3o a Gouveia e Melo, \u00e9 sinal que sabem que sou o \u00fanico candidato que lhes vai devolver a dignidade e fazer um ajuste de contas com uma hist\u00f3ria que os esqueceu e o \u00fanico candidato patriota.\u201d<\/p>\n<blockquote class=\"wp-embedded-content\" data-secret=\"Pnz6YCXZyK\">\n<p><a href=\"https:\/\/observador.pt\/programas\/reportagem-observador\/que-se-lixe-montenegro-eu-quero-o-povo-portugues\/\" rel=\"nofollow noopener\" target=\"_blank\">\u201cQue se lixe Montenegro, eu quero o povo portugu\u00eas\u201d<\/a><\/p>\n<\/blockquote>\n<p><a href=\"https:\/\/observador.pt\/programas\/reportagem-observador\/que-se-lixe-montenegro-eu-quero-o-povo-portugues\/\" rel=\"nofollow noopener\" target=\"_blank\">Ou\u00e7a aqui a reportagem da R\u00e1dio Observador em Tent\u00fagal<\/a><\/p>\n<p>A pensar no passar de mais um ano, Ventura contou que deu por si a pensar no que faz um homem com 43 anos em plena campanha eleitoral no dia de anivers\u00e1rio e concluiu: \u201cN\u00e3o tinha s\u00edtio melhor no mundo para estar do que estar aqui. Estar a lutar por Portugal \u00e9 a minha <strong>maior honra<\/strong>.\u201d<\/p>\n<p>Ao longo do dia tocou em v\u00e1rios e criticou as \u201cpicardias\u201d entre candidatos que andou a evitar ao longo da campanha. \u201cAs elei\u00e7\u00f5es n\u00e3o valem pelo ego. Dev\u00edamos estar a falar do pa\u00eds\u201d, alertou, frisando que \u201ch\u00e1 advers\u00e1rios que est\u00e3o nestas elei\u00e7\u00f5es para agradar a Lu\u00eds Montenegro\u201d e colocando-se noutro local: \u201cEu estou aqui para agradar aos portugueses.\u201d<\/p>\n<p>\u201cEu convidava Mendes e Cotrim a fazer isto: <strong>que se lixe Montenegro<\/strong>, eu quero o povo portugu\u00eas\u201d, disse, acusando os advers\u00e1rios de estarem a \u201cpedinchar\u201d o apoio de Montenegro. H\u00e1 menos de uma semana, Ventura desafiava o primeiro-ministro a dizer o que faria nunca segunda volta entre si e um socialista, mas neste momento est\u00e1 mais focado em capitalizar votos.<\/p>\n<p>\u201cEscolher um candidato fora do sistema traz sempre riscos, mas PS e PSD falharam estes anos todos. Digo sempre: o que perdem em arriscar uma vez e em dar-me uma oportunidade?\u201d, questionou Ventura, recuperando um slogan antigo e vincando que n\u00e3o d\u00e1 para \u201cmudar entre PS e PSD e ficarmo-nos a <strong>queixar no sof\u00e1<\/strong>\u201d.<\/p>\n<p>E defendeu-se contra os ataques dos rivais, das acusa\u00e7\u00f5es de \u201cfascismo e racismo\u201d, e explicou: \u201cN\u00e3o queremos fazer retrocesso nenhum, n\u00e3o queremos amea\u00e7ar a Constitui\u00e7\u00e3o, queremos amea\u00e7ar a corrup\u00e7\u00e3o generalizada que h\u00e1 neste pa\u00eds.\u201d Para isso, o candidato a Bel\u00e9m continua \u201cin\u00fatil votar em candidatos que dizem o mesmo h\u00e1 50 anos, que n\u00e3o conseguem dizer nada sem ser generalidades ou que v\u00e3o andar com Montenegro ao colo\u201d.<\/p>\n<p>\u201cEste pa\u00eds j\u00e1 teve tempo demais de bandalheira. A partir de 18 de janeiro \u00e9 tempo de ordem e espero ser o Presidente dessa ordem\u201d, garantiu, frisando que \u201cisso vai gerar rea\u00e7\u00e3o aqueles que se habituaram a viver \u00e0 conta do sistema\u201d. \u201cEsta mudan\u00e7a n\u00e3o ser\u00e1 de nome, de cor nem de estilo, \u00e9 uma mudan\u00e7a profunda com o pa\u00eds pol\u00edtico.\u201d<\/p>\n<p>Mais do que isso, reiterou que \u201cestar em primeiro [nas sondagens] n\u00e3o deve ser uma medalha, deve ser uma responsabilidade: p\u00f4r Portugal na ordem\u201d. \u201cQuero um pa\u00eds em que portugueses estejam em primeiro lugar\u201d, reiterou, refor\u00e7ando que o pa\u00eds continuar\u00e1 a ser crist\u00e3o.<\/p>\n<p>Ainda sobre o dia das elei\u00e7\u00f5es, fez um novo aviso: \u201cN\u00e3o basta ganhar sondagem, temos mesmo que ganhar e para isso no domingo \u00e9 preciso votar. Se nos d\u00e3o 24% \u00e9 porque j\u00e1 estamos nos <strong>30% provavelmente<\/strong>\u201c, atirou Ventura, pedindo que n\u00e3o se desista por um \u201csegundo\u201d at\u00e9 \u00e0 00h de sexta-feira porque \u201cnunca estivemos t\u00e3o perto da mudan\u00e7a acontecer\u201d.<\/p>\n<p>Num dia marcado pelo anivers\u00e1rio, Ventura jurou: \u201cQuero deixar-vos um compromisso de vida: n\u00e3o vou desistir, independentemente do que aconte\u00e7a no domingo, at\u00e9 que esta mudan\u00e7a aconte\u00e7a. \u00c9 um compromisso de entrega da minha vida toda, \u00e9 uma entrega total de vida a esta bandeira, n\u00e3o vou desistir seja contra advers\u00e1rios for ou a que sistemas instalados for.\u201d<\/p>\n<p>E puxou dos gal\u00f5es do patriotismo: \u201cSe D. Afonso Henriques me estiver a ver agora gostava que sentisse que n\u00f3s somos outra vez esse esp\u00edrito de viver ou morrer, mas que \u00e9 esse esp\u00edrito que est\u00e1 em primeiro lugar.<\/p>\n","protected":false},"excerpt":{"rendered":"Mais tarde, ap\u00f3s a resposta de Gouveia e Melo sobre o fato, fez quest\u00e3o de esclarecer que o&hellip;\n","protected":false},"author":2,"featured_media":231114,"comment_status":"","ping_status":"","sticky":false,"template":"","format":"standard","meta":{"footnotes":""},"categories":[145],"tags":[3368,211,210,1077,114,115,3369,302,32,1076,33],"class_list":{"0":"post-231113","1":"post","2":"type-post","3":"status-publish","4":"format-standard","5":"has-post-thumbnail","7":"category-celebridades","8":"tag-andru00e9-ventura","9":"tag-celebridades","10":"tag-celebrities","11":"tag-eleiu00e7u00f5es","12":"tag-entertainment","13":"tag-entretenimento","14":"tag-partido-chega","15":"tag-polu00edtica","16":"tag-portugal","17":"tag-presidenciais-2026","18":"tag-pt"},"share_on_mastodon":{"url":"https:\/\/pubeurope.com\/@pt\/115903656284070151","error":""},"_links":{"self":[{"href":"https:\/\/www.europesays.com\/pt\/wp-json\/wp\/v2\/posts\/231113","targetHints":{"allow":["GET"]}}],"collection":[{"href":"https:\/\/www.europesays.com\/pt\/wp-json\/wp\/v2\/posts"}],"about":[{"href":"https:\/\/www.europesays.com\/pt\/wp-json\/wp\/v2\/types\/post"}],"author":[{"embeddable":true,"href":"https:\/\/www.europesays.com\/pt\/wp-json\/wp\/v2\/users\/2"}],"replies":[{"embeddable":true,"href":"https:\/\/www.europesays.com\/pt\/wp-json\/wp\/v2\/comments?post=231113"}],"version-history":[{"count":0,"href":"https:\/\/www.europesays.com\/pt\/wp-json\/wp\/v2\/posts\/231113\/revisions"}],"wp:featuredmedia":[{"embeddable":true,"href":"https:\/\/www.europesays.com\/pt\/wp-json\/wp\/v2\/media\/231114"}],"wp:attachment":[{"href":"https:\/\/www.europesays.com\/pt\/wp-json\/wp\/v2\/media?parent=231113"}],"wp:term":[{"taxonomy":"category","embeddable":true,"href":"https:\/\/www.europesays.com\/pt\/wp-json\/wp\/v2\/categories?post=231113"},{"taxonomy":"post_tag","embeddable":true,"href":"https:\/\/www.europesays.com\/pt\/wp-json\/wp\/v2\/tags?post=231113"}],"curies":[{"name":"wp","href":"https:\/\/api.w.org\/{rel}","templated":true}]}}