{"id":231115,"date":"2026-01-16T07:47:15","date_gmt":"2026-01-16T07:47:15","guid":{"rendered":"https:\/\/www.europesays.com\/pt\/231115\/"},"modified":"2026-01-16T07:47:15","modified_gmt":"2026-01-16T07:47:15","slug":"glen-powell-ira-estrelar-ficcao-cientifica-do-criador-de-mr-robot","status":"publish","type":"post","link":"https:\/\/www.europesays.com\/pt\/231115\/","title":{"rendered":"Glen Powell ir\u00e1 estrelar fic\u00e7\u00e3o cient\u00edfica do criador de Mr. Robot"},"content":{"rendered":"<p class=\"wp-block-yoast-seo-estimated-reading-time yoast-reading-time__wrapper\">Estimated reading time: 2 minutos<\/p>\n<p>De acordo com <strong>The Hollywood Reporter<\/strong>, <strong>Sam Esmail<\/strong>, conhecido por ter criado <strong>Mr. Robot<\/strong>, est\u00e1 desenvolvendo um thriller de fic\u00e7\u00e3o cient\u00edfica para a <strong>Amazon MGM Studios<\/strong> e a <strong>United Artists<\/strong>, intitulado <strong>Tesseract<\/strong>.<\/p>\n<p>O site tamb\u00e9m confirma que <a href=\"https:\/\/ovicio.com.br\/tag\/glen-powell\/\" target=\"_blank\" rel=\"noreferrer noopener nofollow\">Glen Powell<\/a> (O Sobrevivente) negocia para estrelar, al\u00e9m de receber cr\u00e9ditos como produtor ao lado de <strong>Dan Cohen<\/strong>, seu s\u00f3cio na <strong>Barnstorm<\/strong>.<\/p>\n<p>Como \u00e9 comum nos projetos de Esmail, a trama est\u00e1 sendo mantida sob sigilo. Mas, aparentemente, contar\u00e1 com outros <strong>dois pap\u00e9is principais femininos<\/strong>.<\/p>\n<p>Embora n\u00e3o tenha recebido sinal verde oficial, a produ\u00e7\u00e3o deve come\u00e7ar em algum momento do ver\u00e3o norte-americano (entre maio e agosto), com loca\u00e7\u00f5es previstas em Londres e na Hungria.<\/p>\n<p>O ator, atualmente, trabalha na segunda temporada de <strong>Chad Powers: O Quarterback<\/strong>, s\u00e9rie de com\u00e9dia esportiva do <strong>Hulu<\/strong>.<\/p>\n<p>Esmail, por outro lado, vem ampliando sua presen\u00e7a no cinema nos \u00faltimos anos, tendo sido respons\u00e1vel pelo roteiro de <strong>O Mundo Depois de N\u00f3s<\/strong>, estrelado por <strong>Julia Roberts<\/strong>, <strong>Ethan Hawke<\/strong>, <strong>Mahershala Ali<\/strong> e <strong>Kevin Bacon<\/strong>, que se tornou um grande sucesso na <strong>Netflix<\/strong>.<\/p>\n<p>Leia tamb\u00e9m sobre Glen Powell:<\/p>\n<p><strong>Fonte<\/strong>: <a href=\"https:\/\/www.hollywoodreporter.com\/movies\/movie-news\/glen-powell-sam-esmail-tesseract-for-amazon-mgm-ua-1236475428\/\" target=\"_blank\" rel=\"noreferrer noopener nofollow\">THR<\/a><\/p>\n","protected":false},"excerpt":{"rendered":"Estimated reading time: 2 minutos De acordo com The Hollywood Reporter, Sam Esmail, conhecido por ter criado Mr.&hellip;\n","protected":false},"author":2,"featured_media":231116,"comment_status":"","ping_status":"","sticky":false,"template":"","format":"standard","meta":{"footnotes":""},"categories":[140],"tags":[114,115,147,148,13090,146,32,33],"class_list":{"0":"post-231115","1":"post","2":"type-post","3":"status-publish","4":"format-standard","5":"has-post-thumbnail","7":"category-filmes","8":"tag-entertainment","9":"tag-entretenimento","10":"tag-film","11":"tag-filmes","12":"tag-glen-powell","13":"tag-movies","14":"tag-portugal","15":"tag-pt"},"share_on_mastodon":{"url":"https:\/\/pubeurope.com\/@pt\/115903675917685851","error":""},"_links":{"self":[{"href":"https:\/\/www.europesays.com\/pt\/wp-json\/wp\/v2\/posts\/231115","targetHints":{"allow":["GET"]}}],"collection":[{"href":"https:\/\/www.europesays.com\/pt\/wp-json\/wp\/v2\/posts"}],"about":[{"href":"https:\/\/www.europesays.com\/pt\/wp-json\/wp\/v2\/types\/post"}],"author":[{"embeddable":true,"href":"https:\/\/www.europesays.com\/pt\/wp-json\/wp\/v2\/users\/2"}],"replies":[{"embeddable":true,"href":"https:\/\/www.europesays.com\/pt\/wp-json\/wp\/v2\/comments?post=231115"}],"version-history":[{"count":0,"href":"https:\/\/www.europesays.com\/pt\/wp-json\/wp\/v2\/posts\/231115\/revisions"}],"wp:featuredmedia":[{"embeddable":true,"href":"https:\/\/www.europesays.com\/pt\/wp-json\/wp\/v2\/media\/231116"}],"wp:attachment":[{"href":"https:\/\/www.europesays.com\/pt\/wp-json\/wp\/v2\/media?parent=231115"}],"wp:term":[{"taxonomy":"category","embeddable":true,"href":"https:\/\/www.europesays.com\/pt\/wp-json\/wp\/v2\/categories?post=231115"},{"taxonomy":"post_tag","embeddable":true,"href":"https:\/\/www.europesays.com\/pt\/wp-json\/wp\/v2\/tags?post=231115"}],"curies":[{"name":"wp","href":"https:\/\/api.w.org\/{rel}","templated":true}]}}