{"id":231119,"date":"2026-01-16T07:56:19","date_gmt":"2026-01-16T07:56:19","guid":{"rendered":"https:\/\/www.europesays.com\/pt\/231119\/"},"modified":"2026-01-16T07:56:19","modified_gmt":"2026-01-16T07:56:19","slug":"giovanna-lancellotti-revela-que-indicou-ator-para-o-bbb-apos-recusar-convite-saiba-quem","status":"publish","type":"post","link":"https:\/\/www.europesays.com\/pt\/231119\/","title":{"rendered":"Giovanna Lancellotti revela que indicou ator para o &#8216;BBB&#8217; ap\u00f3s recusar convite; saiba quem!"},"content":{"rendered":"<p>\n                        Durante participa\u00e7\u00e3o no MesaCast nesta quinta-feira (15), atriz Giovanna Lancellotti conta que recusou convite para o &#8216;BBB&#8217;\n                    <\/p>\n<ul class=\"article__header__author\">\n<li class=\"article__header__author__item\">\n                                                Por:<br \/>\n                                                                                    Reda\u00e7\u00e3o Contigo! \/ Contigo\n                                                                        <\/li>\n<\/ul>\n<p class=\"text\">A atriz <strong>Giovanna Lancellotti<\/strong> foi a convidada especial do MesaCast BBB desta quinta-feira, 15\/01, e n\u00e3o poupou revela\u00e7\u00f5es sobre os bastidores da escolha do elenco. Enquanto comentava a performance do grupo Veteranos e do Camarote no BBB 26, Giovanna surpreendeu os apresentadores ao confirmar que j\u00e1 esteve na mira do diretor Boninho para integrar o time de famosos do programa.<\/p>\n<p><img loading=\"lazy\" decoding=\"async\" alt=\"Giovanna Lancellotti no MesaCast BBB\" class=\"img-ab5ec3501262984714fda5cd9e5858d242g1s4uj\" height=\"435\" src=\"https:\/\/www.europesays.com\/pt\/wp-content\/uploads\/2026\/01\/797233560-giovanna-lancellotti.jpg\"  title=\"Giovanna Lancellotti no MesaCast BBB\" width=\"774\"\/><\/p>\n<p>Giovanna Lancellotti no MesaCast BBB<\/p>\n<p>Foto: Reprodu\u00e7\u00e3o\/ Globo \/ Contigo<\/p>\n<p>O convite recusado e a &#8220;promessa&#8221; de entretenimento<\/p>\n<p class=\"text\">Embora acredite que o confinamento seja um desafio psicol\u00f3gico imenso, a atriz admitiu que cogitou a possibilidade no passado e acredita que sua personalidade forte seria um diferencial na casa mais vigiada do Brasil.<\/p>\n<p class=\"text\">Foco no cinema: Ao ser questionada por Aline Patriarca e Ed Gama sobre o motivo de n\u00e3o ter aceitado, Giovanna foi direta: &#8220;Eu n\u00e3o posso porque eu tenho filme. N\u00e3o precisa [entrar], vamos para o cinema&#8221;, brincou ela, refor\u00e7ando que sua carreira nas telonas \u00e9 a prioridade no momento.<\/p>\n<p class=\"text\">Mesmo de fora, ela garantiu que n\u00e3o seria uma planta: &#8220;N\u00e3o que seja mais f\u00e1cil&#8230; eu acho que deve ser uma experi\u00eancia dif\u00edcil em qualquer altura. Tanto que eu j\u00e1 fui convidada uma vez! Eu ia render&#8221;, disparou.<\/p>\n<p>Rodrigo Simas no BBB? A indica\u00e7\u00e3o de Giovanna<\/p>\n<p class=\"text\">O momento mais curioso da entrevista foi quando Giovanna revelou ter agido como &#8220;olheira&#8221; para a produ\u00e7\u00e3o. Ao negar o pr\u00f3prio convite, ela decidiu indicar um colega de trabalho que, em sua vis\u00e3o, teria o perfil perfeito para levar o pr\u00eamio milion\u00e1rio: o ator <strong>Rodrigo Simas.<\/strong><\/p>\n<p class=\"text\">&#8220;Eu falei: &#8216;Olha, n\u00e3o posso&#8230; Mas tem uma pessoa que, se voc\u00ea ligar, vai aceitar e vai ganhar'&#8221;, relembrou a atriz sobre sua conversa com os produtores do reality.<\/p>\n<p class=\"text\">A &#8220;traquinagem&#8221; de Giovanna rendeu at\u00e9 um telefonema surpreso do amigo. Segundo ela, Rodrigo a ligou logo em seguida para tirar satisfa\u00e7\u00e3o, em tom de brincadeira: &#8220;Ele falou: &#8216;Cara, voc\u00ea passou meu telefone falando que eu ia entrar?&#8217;. E eu falei: &#8216;Aham, voc\u00ea ganha o BBB'&#8221;, contou ela aos risos. Apesar da indica\u00e7\u00e3o, Rodrigo Simas n\u00e3o integra o elenco deste ano, mas a revela\u00e7\u00e3o j\u00e1 deixou os f\u00e3s do programa em alerta para poss\u00edveis convites em edi\u00e7\u00f5es futuras.<\/p>\n","protected":false},"excerpt":{"rendered":"Durante participa\u00e7\u00e3o no MesaCast nesta quinta-feira (15), atriz Giovanna Lancellotti conta que recusou convite para o &#8216;BBB&#8217; Por:&hellip;\n","protected":false},"author":2,"featured_media":231120,"comment_status":"","ping_status":"","sticky":false,"template":"","format":"standard","meta":{"footnotes":""},"categories":[145],"tags":[211,210,114,115,32,33],"class_list":{"0":"post-231119","1":"post","2":"type-post","3":"status-publish","4":"format-standard","5":"has-post-thumbnail","7":"category-celebridades","8":"tag-celebridades","9":"tag-celebrities","10":"tag-entertainment","11":"tag-entretenimento","12":"tag-portugal","13":"tag-pt"},"share_on_mastodon":{"url":"https:\/\/pubeurope.com\/@pt\/115903711359387430","error":""},"_links":{"self":[{"href":"https:\/\/www.europesays.com\/pt\/wp-json\/wp\/v2\/posts\/231119","targetHints":{"allow":["GET"]}}],"collection":[{"href":"https:\/\/www.europesays.com\/pt\/wp-json\/wp\/v2\/posts"}],"about":[{"href":"https:\/\/www.europesays.com\/pt\/wp-json\/wp\/v2\/types\/post"}],"author":[{"embeddable":true,"href":"https:\/\/www.europesays.com\/pt\/wp-json\/wp\/v2\/users\/2"}],"replies":[{"embeddable":true,"href":"https:\/\/www.europesays.com\/pt\/wp-json\/wp\/v2\/comments?post=231119"}],"version-history":[{"count":0,"href":"https:\/\/www.europesays.com\/pt\/wp-json\/wp\/v2\/posts\/231119\/revisions"}],"wp:featuredmedia":[{"embeddable":true,"href":"https:\/\/www.europesays.com\/pt\/wp-json\/wp\/v2\/media\/231120"}],"wp:attachment":[{"href":"https:\/\/www.europesays.com\/pt\/wp-json\/wp\/v2\/media?parent=231119"}],"wp:term":[{"taxonomy":"category","embeddable":true,"href":"https:\/\/www.europesays.com\/pt\/wp-json\/wp\/v2\/categories?post=231119"},{"taxonomy":"post_tag","embeddable":true,"href":"https:\/\/www.europesays.com\/pt\/wp-json\/wp\/v2\/tags?post=231119"}],"curies":[{"name":"wp","href":"https:\/\/api.w.org\/{rel}","templated":true}]}}