{"id":231133,"date":"2026-01-16T08:24:09","date_gmt":"2026-01-16T08:24:09","guid":{"rendered":"https:\/\/www.europesays.com\/pt\/231133\/"},"modified":"2026-01-16T08:24:09","modified_gmt":"2026-01-16T08:24:09","slug":"mel-fronckowiak-posta-foto-rara-ao-lado-da-filha-cacula-cora","status":"publish","type":"post","link":"https:\/\/www.europesays.com\/pt\/231133\/","title":{"rendered":"Mel Fronckowiak posta foto rara ao lado da filha ca\u00e7ula, Cora"},"content":{"rendered":"<p class=\"bullet mt-0\" data-v-232111b4=\"\"><a href=\"https:\/\/www.uol.com.br\/splash\/noticias\/2024\/10\/01\/mel-fronckowiak-lanca-campanha-contra-fetichizacao-dos-pes-papo-machista.htm\" rel=\"nofollow noopener\" target=\"_blank\">Mel Fronckowiak<\/a>, 37, postou um raro registro ao lado da filha ca\u00e7ula, Cora, 1 ano e 5 meses.<\/p>\n<p>O que aconteceu<\/p>\n<p class=\"bullet\" data-v-232111b4=\"\"><strong>A imagem mostra m\u00e3e e herdeira em Itacar\u00e9 (BA), caminhando de m\u00e3os dadas \u00e0 beira-mar. <\/strong>&#8220;Eu e meu grudinho&#8221;, legendou a famosa nos stories de seu Instagram, sem revelar o rosto da pequena.<\/p>\n<p class=\"bullet\" data-v-232111b4=\"\"><strong>Cora e a irm\u00e3 mais velha, Nina, 8, s\u00e3o frutos do casamento de Mel com Rodrigo Santoro, 50.<\/strong> Os dois est\u00e3o juntos desde 2012.<\/p>\n","protected":false},"excerpt":{"rendered":"Mel Fronckowiak, 37, postou um raro registro ao lado da filha ca\u00e7ula, Cora, 1 ano e 5 meses.&hellip;\n","protected":false},"author":2,"featured_media":231134,"comment_status":"","ping_status":"","sticky":false,"template":"","format":"standard","meta":{"footnotes":""},"categories":[145],"tags":[211,210,114,115,32,33],"class_list":{"0":"post-231133","1":"post","2":"type-post","3":"status-publish","4":"format-standard","5":"has-post-thumbnail","7":"category-celebridades","8":"tag-celebridades","9":"tag-celebrities","10":"tag-entertainment","11":"tag-entretenimento","12":"tag-portugal","13":"tag-pt"},"share_on_mastodon":{"url":"https:\/\/pubeurope.com\/@pt\/115903821452607310","error":""},"_links":{"self":[{"href":"https:\/\/www.europesays.com\/pt\/wp-json\/wp\/v2\/posts\/231133","targetHints":{"allow":["GET"]}}],"collection":[{"href":"https:\/\/www.europesays.com\/pt\/wp-json\/wp\/v2\/posts"}],"about":[{"href":"https:\/\/www.europesays.com\/pt\/wp-json\/wp\/v2\/types\/post"}],"author":[{"embeddable":true,"href":"https:\/\/www.europesays.com\/pt\/wp-json\/wp\/v2\/users\/2"}],"replies":[{"embeddable":true,"href":"https:\/\/www.europesays.com\/pt\/wp-json\/wp\/v2\/comments?post=231133"}],"version-history":[{"count":0,"href":"https:\/\/www.europesays.com\/pt\/wp-json\/wp\/v2\/posts\/231133\/revisions"}],"wp:featuredmedia":[{"embeddable":true,"href":"https:\/\/www.europesays.com\/pt\/wp-json\/wp\/v2\/media\/231134"}],"wp:attachment":[{"href":"https:\/\/www.europesays.com\/pt\/wp-json\/wp\/v2\/media?parent=231133"}],"wp:term":[{"taxonomy":"category","embeddable":true,"href":"https:\/\/www.europesays.com\/pt\/wp-json\/wp\/v2\/categories?post=231133"},{"taxonomy":"post_tag","embeddable":true,"href":"https:\/\/www.europesays.com\/pt\/wp-json\/wp\/v2\/tags?post=231133"}],"curies":[{"name":"wp","href":"https:\/\/api.w.org\/{rel}","templated":true}]}}