{"id":231143,"date":"2026-01-16T08:38:18","date_gmt":"2026-01-16T08:38:18","guid":{"rendered":"https:\/\/www.europesays.com\/pt\/231143\/"},"modified":"2026-01-16T08:38:18","modified_gmt":"2026-01-16T08:38:18","slug":"apos-40-anos-de-carreira-apresentadora-deixa-mansao-milionaria-para-viver-em-santuario-ecologico","status":"publish","type":"post","link":"https:\/\/www.europesays.com\/pt\/231143\/","title":{"rendered":"Ap\u00f3s 40 anos de carreira, apresentadora deixa mans\u00e3o milion\u00e1ria para viver em santu\u00e1rio ecol\u00f3gico"},"content":{"rendered":"<p>Ap\u00f3s anos vivendo no puro luxo, a rainha dos baixinhos se fixou em um endere\u00e7o diferente, mas continua vivendo com muito conforto. <a href=\"https:\/\/caras.com.br\/tags\/xuxa-meneghel\" rel=\"nofollow noopener\" target=\"_blank\"><strong>Xuxa Meneghel<\/strong><\/a> decidiu sair de sua antiga mans\u00e3o em 2021 para viver em uma casa nova, que \u00e9 menor, mas cheia de tecnologias e luxos diferentes.<\/p>\n<p>\t Venda milion\u00e1ria da casa antiga <\/p>\n<p>Para entender a mudan\u00e7a, \u00e9 preciso falar de valores. Xuxa vendeu sua antiga resid\u00eancia, conhecida como \u201cA Nave M\u00e3e\u201d, por cerca de R$ 45 milh\u00f5es. Quem comprou foi a cantora de pagode Karinah. A casa antiga era enorme, com quase 3.000 metros quadrados, e Xuxa achava que o lugar ficou grande e triste demais depois que sua m\u00e3e faleceu e sua filha, Sasha, casou e saiu de casa.<\/p>\n<p> Luxo com \u201cp\u00e9 no ch\u00e3o\u201d <\/p>\n<p>A nova casa fica no mesmo lugar da antiga, o luxuoso Condom\u00ednio Malibu, na Barra da Tijuca (Rio de Janeiro). A diferen\u00e7a \u00e9 o tamanho: a atual tem cerca de 900 metros quadrados. Pode parecer muito para n\u00f3s, mas \u00e9 tr\u00eas vezes menor do que a casa onde ela morava antes. A ideia agora \u00e9 ter tudo mais perto e pr\u00e1tico.<\/p>\n<p> Uma floresta dentro da sala <\/p>\n<p>O maior luxo da casa nova n\u00e3o \u00e9 ouro nem m\u00e1rmore, mas sim a natureza. Na sala de estar, Xuxa mandou plantar uma jabuticabeira de verdade. A \u00e1rvore fica no meio da sala, cercada por vidros que deixam a luz do sol entrar o dia todo. \u00c9 como se o jardim entrasse dentro de casa.<\/p>\n<p>\t Decora\u00e7\u00e3o 100% vegana <\/p>\n<p>Como Xuxa n\u00e3o come nada de origem animal e defende a natureza, a casa teve que seguir essa regra. O desafio foi o sof\u00e1 da sala: ela queria um m\u00f3vel muito confort\u00e1vel e luxuoso, mas sem usar couro ou penas de ganso. Ela encomendou um sof\u00e1 com tecidos especiais que respeitam os animais e mant\u00eam a sofistica\u00e7\u00e3o.<\/p>\n<p> P\u00e1ssaros soltos pela casa <\/p>\n<p>Quem visita a apresentadora pode levar um susto: os p\u00e1ssaros de estima\u00e7\u00e3o dela vivem soltos. Eles voam pela sala, pousam na jabuticabeira e interagem com as pessoas. Mas eles t\u00eam quarto vip: na garagem, foi constru\u00eddo um viveiro especial e climatizado para eles dormirem seguros \u00e0 noite. A cadela Doralice tamb\u00e9m anda livre por todos os c\u00f4modos.<\/p>\n<p> Lazer de cinema e conforto <\/p>\n<p>Mesmo sendo uma casa \u201cmenor\u201d, o conforto \u00e9 total. A propriedade tem:<\/p>\n<ul>\n<li>5 su\u00edtes (quartos com banheiro) para receber a filha Sasha e o genro com privacidade;<\/li>\n<li>Cinema particular para a fam\u00edlia;<\/li>\n<li>Est\u00fadio de fotos e grava\u00e7\u00f5es, para Xuxa trabalhar sem sair de casa;<\/li>\n<li>Cozinha gourmet equipada para grandes jantares.<\/li>\n<\/ul>\n<p> <img decoding=\"async\" src=\"https:\/\/www.europesays.com\/pt\/wp-content\/uploads\/2026\/01\/1768552694_93_xuxa-nova-mansao-fotos-3.jpg\" class=\"img-fluid lazy\"\/><\/p>\n<p>A atual casa da loira tem cerca de 900m2. Xuxa ampliou o espac\u0327o verde do local, que abriga sete pa\u0301ssaros soltos, como a Belinha, e quatro ca\u0303es<\/p>\n<p>    <img decoding=\"async\" src=\"https:\/\/www.europesays.com\/pt\/wp-content\/uploads\/2026\/01\/xuxa-nova-mansao-fotos-1.jpg\" class=\"img-fluid lazy\"\/><\/p>\n<p>Assim como nas casas anteriores, Xuxa investiu em um cinema privado, ale\u0301m de um estu\u0301dio para ensaios fotogra\u0301ficos e gravac\u0327o\u0303es em vi\u0301deo<\/p>\n<p>    <img decoding=\"async\" src=\"https:\/\/www.europesays.com\/pt\/wp-content\/uploads\/2026\/01\/xuxa-nova-mansao-fotos-4.jpg\" class=\"img-fluid lazy\"\/><\/p>\n<p>Para a sala, a artista pla\u0301stica Rose Samara desenvolveu o quadro com a imagem de uma i\u0301ndia. O sofa\u0301 vegano e\u0301 da Plenitude Design<\/p>\n<p>                        Previous<\/p>\n<p>                        Next<\/p>\n<p><strong>CONFIRA PUBLICA\u00c7\u00c3O RECENTE DA CARAS BRASIL NAS\u00a0<a href=\"https:\/\/www.instagram.com\/carasbrasil\/\" rel=\"nofollow noopener\" target=\"_blank\">REDES SOCIAIS:<\/a><\/strong><\/p>\n<blockquote class=\"instagram-media\" style=\"background: #FFF; border: 0; border-radius: 3px; box-shadow: 0 0 1px 0 rgba(0,0,0,0.5),0 1px 10px 0 rgba(0,0,0,0.15); margin: 1px; max-width: 540px; min-width: 326px; padding: 0; width: calc(100% - 2px);\" data-instgrm-permalink=\"https:\/\/www.instagram.com\/p\/DTim6QYlezH\/?utm_source=ig_embed&amp;utm_campaign=loading\" data-instgrm-version=\"14\"><\/blockquote>\n<p>\t                                            <script async src=\"\/\/www.instagram.com\/embed.js\"><\/script><\/p>\n","protected":false},"excerpt":{"rendered":"Ap\u00f3s anos vivendo no puro luxo, a rainha dos baixinhos se fixou em um endere\u00e7o diferente, mas continua&hellip;\n","protected":false},"author":2,"featured_media":231144,"comment_status":"","ping_status":"","sticky":false,"template":"","format":"standard","meta":{"footnotes":""},"categories":[145],"tags":[2019,211,210,114,115,1874,32,33,2757],"class_list":{"0":"post-231143","1":"post","2":"type-post","3":"status-publish","4":"format-standard","5":"has-post-thumbnail","7":"category-celebridades","8":"tag-casa","9":"tag-celebridades","10":"tag-celebrities","11":"tag-entertainment","12":"tag-entretenimento","13":"tag-mansao","14":"tag-portugal","15":"tag-pt","16":"tag-xuxa-meneghel"},"share_on_mastodon":{"url":"https:\/\/pubeurope.com\/@pt\/115903876548876822","error":""},"_links":{"self":[{"href":"https:\/\/www.europesays.com\/pt\/wp-json\/wp\/v2\/posts\/231143","targetHints":{"allow":["GET"]}}],"collection":[{"href":"https:\/\/www.europesays.com\/pt\/wp-json\/wp\/v2\/posts"}],"about":[{"href":"https:\/\/www.europesays.com\/pt\/wp-json\/wp\/v2\/types\/post"}],"author":[{"embeddable":true,"href":"https:\/\/www.europesays.com\/pt\/wp-json\/wp\/v2\/users\/2"}],"replies":[{"embeddable":true,"href":"https:\/\/www.europesays.com\/pt\/wp-json\/wp\/v2\/comments?post=231143"}],"version-history":[{"count":0,"href":"https:\/\/www.europesays.com\/pt\/wp-json\/wp\/v2\/posts\/231143\/revisions"}],"wp:featuredmedia":[{"embeddable":true,"href":"https:\/\/www.europesays.com\/pt\/wp-json\/wp\/v2\/media\/231144"}],"wp:attachment":[{"href":"https:\/\/www.europesays.com\/pt\/wp-json\/wp\/v2\/media?parent=231143"}],"wp:term":[{"taxonomy":"category","embeddable":true,"href":"https:\/\/www.europesays.com\/pt\/wp-json\/wp\/v2\/categories?post=231143"},{"taxonomy":"post_tag","embeddable":true,"href":"https:\/\/www.europesays.com\/pt\/wp-json\/wp\/v2\/tags?post=231143"}],"curies":[{"name":"wp","href":"https:\/\/api.w.org\/{rel}","templated":true}]}}