{"id":231146,"date":"2026-01-16T08:49:15","date_gmt":"2026-01-16T08:49:15","guid":{"rendered":"https:\/\/www.europesays.com\/pt\/231146\/"},"modified":"2026-01-16T08:49:15","modified_gmt":"2026-01-16T08:49:15","slug":"miguel-sousa-tavares-diz-que-ha-um-monstro-a-solta-e-pede-a-europa-coragem-para-o-enfrentar","status":"publish","type":"post","link":"https:\/\/www.europesays.com\/pt\/231146\/","title":{"rendered":"Miguel Sousa Tavares diz que &#8220;h\u00e1 um monstro \u00e0 solta&#8221; e pede \u00e0 Europa &#8220;coragem&#8221; para o enfrentar"},"content":{"rendered":"<p>\t                No coment\u00e1rio desta quinta-feira na 5.\u00aa Coluna, Miguel Sousa Tavares considera que as ambi\u00e7\u00f5es de Donald Trump representam um risco para a estabilidade internacional e para os pr\u00f3prios interesses europeus<\/p>\n<p>Miguel Sousa Tavares considera que a situa\u00e7\u00e3o no Ir\u00e3o \u00e9 &#8220;terr\u00edvel&#8221; e que parte do n\u00famero de mortos foi incentivado por declara\u00e7\u00f5es recentes do presidente norte-americano. O comentador refere que o verdadeiro significado da frase &#8220;a ajuda est\u00e1 a caminho&#8221; \u00e9 &#8220;Judas est\u00e1 a caminho e vamos derrubar o vosso regime&#8221;. Descarta ainda qualquer semelhan\u00e7a entre o pa\u00eds do M\u00e9dio Oriente e a Venezuela: &#8220;o Ir\u00e3o n\u00e3o \u00e9 um passeio em Caracas, \u00e9 completamente diferente. \u00c9 um pa\u00eds de 92 milh\u00f5es de habitantes e o 18.\u00ba maior do mundo&#8221;.<\/p>\n<p>&#8220;Mas que pa\u00eds \u00e9 este que se arroga o direito de atacar navios em alto mar, de dizer para onde \u00e9 que um pa\u00eds terceiro pode ou n\u00e3o pode exportar e de reduzir outro ao blackout energ\u00e9tico? Com que direito?&#8221;, questiona.\u00a0<\/p>\n<p>Miguel Sousa Tavares dedicou ainda parte do seu coment\u00e1rio \u00e0 Gronel\u00e2ndia. Considera que se Trump &#8220;resolve ocupar&#8221; o territ\u00f3rio \u00e1rtico, &#8220;abre uma guerra com os seus aliados da NATO&#8221;.\u00a0<\/p>\n<p>Questionado sobre se ainda ser\u00e1 poss\u00edvel \u00e0 alian\u00e7a fazer alguma coisa para travar essa ambi\u00e7\u00e3o, o comentador responde que sim, mas que para isso \u00e9 preciso &#8220;correr com aquele fantoche do Mark Rutte&#8221;. Miguel Sousa Tavares considera a postura do secret\u00e1rio-geral da NATO demasiado\u00a0alinhada com Washington, DC e apela a uma estrat\u00e9gia europeia mais robusta e menos submissa a press\u00f5es externas.<\/p>\n<p>O comentador separa claramente a figura de Trump do pa\u00eds que lidera. &#8220;A Europa tem de perceber que o seu grande advers\u00e1rio neste momento s\u00e3o os Estados Unidos de Trump, n\u00e3o os Estados Unidos enquanto na\u00e7\u00e3o de 300 milh\u00f5es de pessoas&#8221;.<\/p>\n<p>Como poss\u00edveis respostas europeias a estas tens\u00f5es, Miguel Sousa Tavares sugere medidas econ\u00f3micas como san\u00e7\u00f5es contra membros do c\u00edrculo pol\u00edtico de Trump, alguns congressistas e respons\u00e1veis militares ou de intelig\u00eancia, bem como uma revis\u00e3o mais rigorosa da atua\u00e7\u00e3o e regula\u00e7\u00e3o das multinacionais americanas na Europa, incluindo o setor tecnol\u00f3gico.<\/p>\n<p>&#8220;H\u00e1 muita coisa que se pode fazer. \u00c9 preciso coragem, e sobretudo n\u00e3o ficar a tentar apaziguar o monstro porque o monstro est\u00e1 \u00e0 solta completamente. Ele faz o que quer e est\u00e1 entusiasmado com as suas pr\u00f3prias conquistas&#8221;, alerta o comentador.<\/p>\n","protected":false},"excerpt":{"rendered":"No coment\u00e1rio desta quinta-feira na 5.\u00aa Coluna, Miguel Sousa Tavares considera que as ambi\u00e7\u00f5es de Donald Trump representam&hellip;\n","protected":false},"author":2,"featured_media":61145,"comment_status":"","ping_status":"","sticky":false,"template":"","format":"standard","meta":{"footnotes":""},"categories":[50],"tags":[12271,609,836,611,27,28,607,608,333,832,604,135,610,92,476,15,16,301,13033,830,14,5453,603,25,26,570,21,22,831,833,12270,62,834,12,13,19,20,835,602,52,32,23,24,17,18,29,30,31,63,64,65],"class_list":{"0":"post-231146","1":"post","2":"type-post","3":"status-publish","4":"format-standard","5":"has-post-thumbnail","7":"category-mundo","8":"tag-5-a-coluna","9":"tag-alerta","10":"tag-analise","11":"tag-ao-minuto","12":"tag-breaking-news","13":"tag-breakingnews","14":"tag-cnn","15":"tag-cnn-portugal","16":"tag-comentadores","17":"tag-costa","18":"tag-crime","19":"tag-desporto","20":"tag-direto","21":"tag-donald-trump","22":"tag-economia","23":"tag-featured-news","24":"tag-featurednews","25":"tag-governo","26":"tag-gronelandia","27":"tag-guerra","28":"tag-headlines","29":"tag-irao","30":"tag-justica","31":"tag-latest-news","32":"tag-latestnews","33":"tag-live","34":"tag-main-news","35":"tag-mainnews","36":"tag-mais-vistas","37":"tag-marcelo","38":"tag-miguel-sousa-tavares","39":"tag-mundo","40":"tag-negocios","41":"tag-news","42":"tag-noticias","43":"tag-noticias-principais","44":"tag-noticiasprincipais","45":"tag-opiniao","46":"tag-pais","47":"tag-politica","48":"tag-portugal","49":"tag-principais-noticias","50":"tag-principaisnoticias","51":"tag-top-stories","52":"tag-topstories","53":"tag-ultimas","54":"tag-ultimas-noticias","55":"tag-ultimasnoticias","56":"tag-world","57":"tag-world-news","58":"tag-worldnews"},"share_on_mastodon":{"url":"","error":"Validation failed: Text character limit of 500 exceeded"},"_links":{"self":[{"href":"https:\/\/www.europesays.com\/pt\/wp-json\/wp\/v2\/posts\/231146","targetHints":{"allow":["GET"]}}],"collection":[{"href":"https:\/\/www.europesays.com\/pt\/wp-json\/wp\/v2\/posts"}],"about":[{"href":"https:\/\/www.europesays.com\/pt\/wp-json\/wp\/v2\/types\/post"}],"author":[{"embeddable":true,"href":"https:\/\/www.europesays.com\/pt\/wp-json\/wp\/v2\/users\/2"}],"replies":[{"embeddable":true,"href":"https:\/\/www.europesays.com\/pt\/wp-json\/wp\/v2\/comments?post=231146"}],"version-history":[{"count":0,"href":"https:\/\/www.europesays.com\/pt\/wp-json\/wp\/v2\/posts\/231146\/revisions"}],"wp:featuredmedia":[{"embeddable":true,"href":"https:\/\/www.europesays.com\/pt\/wp-json\/wp\/v2\/media\/61145"}],"wp:attachment":[{"href":"https:\/\/www.europesays.com\/pt\/wp-json\/wp\/v2\/media?parent=231146"}],"wp:term":[{"taxonomy":"category","embeddable":true,"href":"https:\/\/www.europesays.com\/pt\/wp-json\/wp\/v2\/categories?post=231146"},{"taxonomy":"post_tag","embeddable":true,"href":"https:\/\/www.europesays.com\/pt\/wp-json\/wp\/v2\/tags?post=231146"}],"curies":[{"name":"wp","href":"https:\/\/api.w.org\/{rel}","templated":true}]}}