{"id":231147,"date":"2026-01-16T08:51:11","date_gmt":"2026-01-16T08:51:11","guid":{"rendered":"https:\/\/www.europesays.com\/pt\/231147\/"},"modified":"2026-01-16T08:51:11","modified_gmt":"2026-01-16T08:51:11","slug":"mourinho-moraliza-tropas-para-o-ataque-ao-segundo-lugar-benfica","status":"publish","type":"post","link":"https:\/\/www.europesays.com\/pt\/231147\/","title":{"rendered":"Mourinho moraliza tropas para o ataque ao segundo lugar &#8211; Benfica"},"content":{"rendered":"<p>                    04:55<\/p>\n<p>Com a \u00e9poca praticamente perdida, Benfica coloca agora o foco na luta pelo 2.\u00ba lugar da Liga, ocupado pelo Sporting<\/p>\n<p>    &#13;<br \/>\n            &#13;<br \/>\n                &#13;<br \/>\n                    &#13;<br \/>\n                &#13;<br \/>\n                &#13;<br \/>\n            &#13;<br \/>\n            &#13;<br \/>\n                &#13;<br \/>\n                    &#13;<br \/>\n                &#13;<br \/>\n                &#13;<br \/>\n            &#13;<\/p>\n<p class=\"\">&#13;<br \/>\n        O Benfica caiu na Ta\u00e7a de Portugal, ap\u00f3s perder no reduto do FC Porto, mas Mourinho, ao contr\u00e1rio do que aconteceu na Allianz Cup, iliba a equipa e tem agora como principal miss\u00e3o moralizar o grupo para o que resta do campeonato. Com os objetivos falhados e a \u00e9poca praticamente perdida, a principal ambi\u00e7\u00e3o nesta altura \u00e9, no m\u00ednimo, alcan\u00e7ar o segundo lugar, que permite discutir o acesso \u00e0 Liga dos Campe\u00f5es. &#13;\n    <\/p>\n<p>                        Para ler TODOS OS ARTIGOS RECORD PREMIUM durante o dia 16.01.2026 insira o seu n\u00famero de telem\u00f3vel e clique em OK<\/p>\n<p>Consulte a aplica\u00e7\u00e3o MBway no seu telem\u00f3vel e aceite a transa\u00e7\u00e3o&#13;\n                    <\/p>\n<p>                        Os seus dados n\u00e3o ser\u00e3o guardados pelo Record<\/p>\n","protected":false},"excerpt":{"rendered":"04:55 Com a \u00e9poca praticamente perdida, Benfica coloca agora o foco na luta pelo 2.\u00ba lugar da Liga,&hellip;\n","protected":false},"author":2,"featured_media":231148,"comment_status":"","ping_status":"","sticky":false,"template":"","format":"standard","meta":{"footnotes":""},"categories":[8],"tags":[27,28,15,16,14,25,26,21,22,12,13,19,20,32,23,24,33,17,18,29,30,31],"class_list":{"0":"post-231147","1":"post","2":"type-post","3":"status-publish","4":"format-standard","5":"has-post-thumbnail","7":"category-principais-noticias","8":"tag-breaking-news","9":"tag-breakingnews","10":"tag-featured-news","11":"tag-featurednews","12":"tag-headlines","13":"tag-latest-news","14":"tag-latestnews","15":"tag-main-news","16":"tag-mainnews","17":"tag-news","18":"tag-noticias","19":"tag-noticias-principais","20":"tag-noticiasprincipais","21":"tag-portugal","22":"tag-principais-noticias","23":"tag-principaisnoticias","24":"tag-pt","25":"tag-top-stories","26":"tag-topstories","27":"tag-ultimas","28":"tag-ultimas-noticias","29":"tag-ultimasnoticias"},"share_on_mastodon":{"url":"https:\/\/pubeurope.com\/@pt\/115903927775534804","error":""},"_links":{"self":[{"href":"https:\/\/www.europesays.com\/pt\/wp-json\/wp\/v2\/posts\/231147","targetHints":{"allow":["GET"]}}],"collection":[{"href":"https:\/\/www.europesays.com\/pt\/wp-json\/wp\/v2\/posts"}],"about":[{"href":"https:\/\/www.europesays.com\/pt\/wp-json\/wp\/v2\/types\/post"}],"author":[{"embeddable":true,"href":"https:\/\/www.europesays.com\/pt\/wp-json\/wp\/v2\/users\/2"}],"replies":[{"embeddable":true,"href":"https:\/\/www.europesays.com\/pt\/wp-json\/wp\/v2\/comments?post=231147"}],"version-history":[{"count":0,"href":"https:\/\/www.europesays.com\/pt\/wp-json\/wp\/v2\/posts\/231147\/revisions"}],"wp:featuredmedia":[{"embeddable":true,"href":"https:\/\/www.europesays.com\/pt\/wp-json\/wp\/v2\/media\/231148"}],"wp:attachment":[{"href":"https:\/\/www.europesays.com\/pt\/wp-json\/wp\/v2\/media?parent=231147"}],"wp:term":[{"taxonomy":"category","embeddable":true,"href":"https:\/\/www.europesays.com\/pt\/wp-json\/wp\/v2\/categories?post=231147"},{"taxonomy":"post_tag","embeddable":true,"href":"https:\/\/www.europesays.com\/pt\/wp-json\/wp\/v2\/tags?post=231147"}],"curies":[{"name":"wp","href":"https:\/\/api.w.org\/{rel}","templated":true}]}}