{"id":231149,"date":"2026-01-16T08:52:12","date_gmt":"2026-01-16T08:52:12","guid":{"rendered":"https:\/\/www.europesays.com\/pt\/231149\/"},"modified":"2026-01-16T08:52:12","modified_gmt":"2026-01-16T08:52:12","slug":"elisa-desiste-do-quarto-branco-do-bbb-26-apos-65-horas","status":"publish","type":"post","link":"https:\/\/www.europesays.com\/pt\/231149\/","title":{"rendered":"Elisa desiste do Quarto Branco do BBB 26 ap\u00f3s 65 horas"},"content":{"rendered":"<p>A modelo ga\u00facha Elisa apertou o bot\u00e3o vermelho e desistiu <a href=\"https:\/\/www.otempo.com.br\/entretenimento\/realities\/bbb\/2026\/2026\/1\/15\/bbb-26-post-da-globo-sugere-mudanca-na-dinamica-do-quarto-branco\" target=\"_blank\" rel=\"noopener nofollow\">da din\u00e2mica do &#8220;Quarto Branco&#8221; do &#8220;BBB 26&#8221;<\/a> nesta quinta-feira (15\/1), ap\u00f3s permanecer confinada por mais de 65 horas. Ela \u00e9 a segunda participante a abandonar o desafio que vale duas vagas no reality show. Ricardinho foi o primeiro a deixar a prova na ter\u00e7a-feira (13\/1).<\/p>\n<p>A participante, que anteriormente esteve na &#8220;Casa de Vidro&#8221; do Sul, tomou a decis\u00e3o ap\u00f3s enfrentar dificuldades f\u00edsicas durante sua perman\u00eancia no ambiente. Pela manh\u00e3, ela j\u00e1 havia manifestado incerteza sobre quanto tempo mais conseguiria suportar as condi\u00e7\u00f5es da din\u00e2mica.<\/p>\n<p>&#8220;Estou pensando. Estou com muita dor e vendo at\u00e9 onde aguento&#8221;, compartilhou Elisa com os colegas antes de sua decis\u00e3o final.<\/p>\n<p>Ao apertar o bot\u00e3o vermelho, a modelo demonstrou emo\u00e7\u00e3o e dirigiu-se aos demais participantes: &#8220;Fam\u00edlia, amo voc\u00eas, me perdoa. Eu dei o meu melhor, mas est\u00e1 doendo muito&#8221;.<\/p>\n<p>A desist\u00eancia ocorreu ap\u00f3s Elisa ter resistido por mais de dois dias e meio no &#8220;Quarto Branco&#8221;. A din\u00e2mica teve in\u00edcio no come\u00e7o desta semana e continua em andamento com os competidores remanescentes.<\/p>\n<p>Sete candidatos seguem na disputa pelas vagas no reality: Rafaella, Livia, Chaiany, Breno, Ricardo, Matheus e Gabriela. N\u00e3o foram divulgadas informa\u00e7\u00f5es sobre poss\u00edveis mudan\u00e7as nas regras da din\u00e2mica ap\u00f3s a sa\u00edda de Henri Castelli do jogo. At\u00e9 ent\u00e3o, apenas dois participantes entrar\u00e3o na casa.<\/p>\n<p>Ao se despedir dos demais competidores, a ga\u00facha expressou seu apoio: &#8220;Vou estar na torcida por voc\u00eas, t\u00e1? Arrasem, foi incr\u00edvel. Obrigada por tudo e pela amizade de voc\u00eas&#8221;.<\/p>\n<p>A din\u00e2mica do &#8220;Quarto Branco&#8221; segue em andamento com os sete participantes por tempo indeterminado.<\/p>\n","protected":false},"excerpt":{"rendered":"A modelo ga\u00facha Elisa apertou o bot\u00e3o vermelho e desistiu da din\u00e2mica do &#8220;Quarto Branco&#8221; do &#8220;BBB 26&#8221;&hellip;\n","protected":false},"author":2,"featured_media":231150,"comment_status":"","ping_status":"","sticky":false,"template":"","format":"standard","meta":{"footnotes":""},"categories":[145],"tags":[15986,211,210,16865,114,115,32,33,43636],"class_list":{"0":"post-231149","1":"post","2":"type-post","3":"status-publish","4":"format-standard","5":"has-post-thumbnail","7":"category-celebridades","8":"tag-bbb-26","9":"tag-celebridades","10":"tag-celebrities","11":"tag-elisa","12":"tag-entertainment","13":"tag-entretenimento","14":"tag-portugal","15":"tag-pt","16":"tag-quarto-branco"},"share_on_mastodon":{"url":"https:\/\/pubeurope.com\/@pt\/115903931520273457","error":""},"_links":{"self":[{"href":"https:\/\/www.europesays.com\/pt\/wp-json\/wp\/v2\/posts\/231149","targetHints":{"allow":["GET"]}}],"collection":[{"href":"https:\/\/www.europesays.com\/pt\/wp-json\/wp\/v2\/posts"}],"about":[{"href":"https:\/\/www.europesays.com\/pt\/wp-json\/wp\/v2\/types\/post"}],"author":[{"embeddable":true,"href":"https:\/\/www.europesays.com\/pt\/wp-json\/wp\/v2\/users\/2"}],"replies":[{"embeddable":true,"href":"https:\/\/www.europesays.com\/pt\/wp-json\/wp\/v2\/comments?post=231149"}],"version-history":[{"count":0,"href":"https:\/\/www.europesays.com\/pt\/wp-json\/wp\/v2\/posts\/231149\/revisions"}],"wp:featuredmedia":[{"embeddable":true,"href":"https:\/\/www.europesays.com\/pt\/wp-json\/wp\/v2\/media\/231150"}],"wp:attachment":[{"href":"https:\/\/www.europesays.com\/pt\/wp-json\/wp\/v2\/media?parent=231149"}],"wp:term":[{"taxonomy":"category","embeddable":true,"href":"https:\/\/www.europesays.com\/pt\/wp-json\/wp\/v2\/categories?post=231149"},{"taxonomy":"post_tag","embeddable":true,"href":"https:\/\/www.europesays.com\/pt\/wp-json\/wp\/v2\/tags?post=231149"}],"curies":[{"name":"wp","href":"https:\/\/api.w.org\/{rel}","templated":true}]}}