{"id":231157,"date":"2026-01-16T09:03:11","date_gmt":"2026-01-16T09:03:11","guid":{"rendered":"https:\/\/www.europesays.com\/pt\/231157\/"},"modified":"2026-01-16T09:03:11","modified_gmt":"2026-01-16T09:03:11","slug":"nato-garante-a-zelensky-apoio-fundamental-apos-recentes-ataques-russos","status":"publish","type":"post","link":"https:\/\/www.europesays.com\/pt\/231157\/","title":{"rendered":"NATO garante a Zelensky &#8220;apoio fundamental&#8221; ap\u00f3s recentes ataques russos"},"content":{"rendered":"<p>&#8220;Comprometemo-nos a garantir que a Ucr\u00e2nia continuar\u00e1 a receber o apoio fundamental de que necessita para se defender hoje e, em \u00faltima inst\u00e2ncia, assegurar uma paz duradoura&#8221;, afirmou o l\u00edder da Organiza\u00e7\u00e3o do Tratado do Atl\u00e2ntico-Norte (NATO, bloco de defesa ocidental), numa mensagem publicada nas redes sociais.<\/p>\n<p>Indicou ainda que, durante a conversa telef\u00f3nica que manteve com Zelensky, abordaram &#8220;a situa\u00e7\u00e3o energ\u00e9tica na Ucr\u00e2nia, o terr\u00edvel sofrimento humano causado pelos ataques russos e os esfor\u00e7os em curso para p\u00f4r fim \u00e0 guerra&#8221;.<\/p>\n<p>Estas declara\u00e7\u00f5es surgem depois de o Presidente norte-americano, Donald Trump, ter criticado Zelensky por estar a impedir uma solu\u00e7\u00e3o pac\u00edfica para o conflito, e n\u00e3o o hom\u00f3logo russo, Vladimir Putin, o que foi aplaudido pelo Kremlin.<\/p>\n<p>A R\u00fassia invadiu a Ucr\u00e2nia a 24 de fevereiro de 2022, com o argumento de proteger as minorias separatistas pr\u00f3-russas no leste e &#8220;desnazificar&#8221; o pa\u00eds vizinho, independente desde 1991 &#8211; ap\u00f3s o desmoronamento da Uni\u00e3o Sovi\u00e9tica &#8211; e que tem vindo a afastar-se da esfera de influ\u00eancia de Moscovo e a aproximar-se da Europa e do Ocidente.<\/p>\n<p>A guerra na Ucr\u00e2nia j\u00e1 provocou dezenas de milhares de mortos de ambos os lados, e os \u00faltimos meses foram marcados por ataques a\u00e9reos em grande escala da R\u00fassia a cidades e infraestruturas ucranianas, ao passo que as for\u00e7as de Kiev t\u00eam visado, em ofensivas com drones, alvos militares em territ\u00f3rio russo e na pen\u00ednsula da Crimeia, ilegalmente anexada por Moscovo em 2014.<\/p>\n<p>No plano diplom\u00e1tico, a R\u00fassia rejeitou at\u00e9 agora qualquer cessar-fogo prolongado e exige, para p\u00f4r fim ao conflito, que a Ucr\u00e2nia lhe ceda quatro regi\u00f5es &#8212; Donetsk, Lugansk, Kherson e Zaporijia &#8211; al\u00e9m da pen\u00ednsula da Crimeia anexada em 2014, e renuncie para sempre a aderir \u00e0 NATO.<\/p>\n<p>Estas condi\u00e7\u00f5es &#8212; constantes do plano de paz apresentado pelo Presidente norte-americano, Donald Trump, para solucionar o conflito &#8211; s\u00e3o consideradas inaceit\u00e1veis pela Ucr\u00e2nia, que exige um cessar-fogo incondicional de 30 dias antes de entabular negocia\u00e7\u00f5es de paz com Moscovo e que os aliados europeus lhe forne\u00e7am garantias de seguran\u00e7a de que n\u00e3o voltar\u00e1 a ser alvo de ataque.<\/p>\n<p>Leia Tamb\u00e9m: <a href=\"https:\/\/www.noticiasaominuto.com\/mundo\/2920037\/presidente-da-estonia-totalmente-empenhado-na-seguranca-da-europa\" target=\"_blank\" rel=\"noopener noreferrer nofollow\">Presidente da Est\u00f3nia &#8220;totalmente empenhado&#8221; na seguran\u00e7a da Europa<\/a><\/p>\n","protected":false},"excerpt":{"rendered":"&#8220;Comprometemo-nos a garantir que a Ucr\u00e2nia continuar\u00e1 a receber o apoio fundamental de que necessita para se defender&hellip;\n","protected":false},"author":2,"featured_media":231158,"comment_status":"","ping_status":"","sticky":false,"template":"","format":"standard","meta":{"footnotes":""},"categories":[50],"tags":[27,28,15,16,14,25,26,21,22,62,12,13,19,20,23,24,17,18,29,30,31,63,64,65],"class_list":{"0":"post-231157","1":"post","2":"type-post","3":"status-publish","4":"format-standard","5":"has-post-thumbnail","7":"category-mundo","8":"tag-breaking-news","9":"tag-breakingnews","10":"tag-featured-news","11":"tag-featurednews","12":"tag-headlines","13":"tag-latest-news","14":"tag-latestnews","15":"tag-main-news","16":"tag-mainnews","17":"tag-mundo","18":"tag-news","19":"tag-noticias","20":"tag-noticias-principais","21":"tag-noticiasprincipais","22":"tag-principais-noticias","23":"tag-principaisnoticias","24":"tag-top-stories","25":"tag-topstories","26":"tag-ultimas","27":"tag-ultimas-noticias","28":"tag-ultimasnoticias","29":"tag-world","30":"tag-world-news","31":"tag-worldnews"},"share_on_mastodon":{"url":"https:\/\/pubeurope.com\/@pt\/115903974826375522","error":""},"_links":{"self":[{"href":"https:\/\/www.europesays.com\/pt\/wp-json\/wp\/v2\/posts\/231157","targetHints":{"allow":["GET"]}}],"collection":[{"href":"https:\/\/www.europesays.com\/pt\/wp-json\/wp\/v2\/posts"}],"about":[{"href":"https:\/\/www.europesays.com\/pt\/wp-json\/wp\/v2\/types\/post"}],"author":[{"embeddable":true,"href":"https:\/\/www.europesays.com\/pt\/wp-json\/wp\/v2\/users\/2"}],"replies":[{"embeddable":true,"href":"https:\/\/www.europesays.com\/pt\/wp-json\/wp\/v2\/comments?post=231157"}],"version-history":[{"count":0,"href":"https:\/\/www.europesays.com\/pt\/wp-json\/wp\/v2\/posts\/231157\/revisions"}],"wp:featuredmedia":[{"embeddable":true,"href":"https:\/\/www.europesays.com\/pt\/wp-json\/wp\/v2\/media\/231158"}],"wp:attachment":[{"href":"https:\/\/www.europesays.com\/pt\/wp-json\/wp\/v2\/media?parent=231157"}],"wp:term":[{"taxonomy":"category","embeddable":true,"href":"https:\/\/www.europesays.com\/pt\/wp-json\/wp\/v2\/categories?post=231157"},{"taxonomy":"post_tag","embeddable":true,"href":"https:\/\/www.europesays.com\/pt\/wp-json\/wp\/v2\/tags?post=231157"}],"curies":[{"name":"wp","href":"https:\/\/api.w.org\/{rel}","templated":true}]}}