{"id":231163,"date":"2026-01-16T09:06:09","date_gmt":"2026-01-16T09:06:09","guid":{"rendered":"https:\/\/www.europesays.com\/pt\/231163\/"},"modified":"2026-01-16T09:06:09","modified_gmt":"2026-01-16T09:06:09","slug":"milena-revela-voto-em-brother-e-dispara-cara-so-dorme-gshow","status":"publish","type":"post","link":"https:\/\/www.europesays.com\/pt\/231163\/","title":{"rendered":"Milena revela voto em brother e dispara: &#039;Cara s\u00f3 dorme&#039; &#8211; Gshow"},"content":{"rendered":"<ol>\n<li><a href=\"https:\/\/news.google.com\/rss\/articles\/CBMixgFBVV95cUxNR1ZLWkxkckpGZEJrR3hkekwtczRfXzJ2VWxjejhmRnpzb2g2Rzluci1WWDNDMzVYLUMwR3JWS3d4eFY2REgzVUk3Ykl6OU1pVjJxQUNjLV9YZl95dTRLSGtnWHM3TkVRV2dxQUJ5dWhJcU1VRU15a2NCeTF4YXhCY3ZvVmlHRVJWUzJMWWFMV2llcFgzb2Q1eE9RSVJSZkJRWEx5SUgyR2o4MV95R3pPQTZ5NXlYTEZfV1lsZEY1d25DOWNlUlHSAdQBQVVfeXFMT1kycGtTVmsxOWhMSVcwakgxT2ZNWFN4LUYyUG83MUI4QWRqdmpMZ1dpMVVzbDUzUllFMzBlaUU5cXZjZUVuY2VCd1dqS0I1NnpYUmRsVFBaLXJkZUQ1RmFjaGl5ODRnWnBkZ3IyX19ibWJUNzNDSEJscThRbWpxdG9rSU9SX056UEVORWl5NW96MjJjSlV4QjVsWmxFWExyTWt6R2lLNkNWdTZPbjNYdTFiY2ZqQm9GcDdfOFJ5M0d4eGVqYzZfa3c1NFV4VE1NUllZTmY?oc=5\" target=\"_blank\" rel=\"nofollow noopener\">Milena revela voto em brother e dispara: &#8216;Cara s\u00f3 dorme&#8217;<\/a>&nbsp;&nbsp;Gshow<\/li>\n<li><a href=\"https:\/\/news.google.com\/rss\/articles\/CBMi7wFBVV95cUxPZW8zLW9yRjFTNjZPZ1p6bC1BeDRlcXNYT05GUTlldjN2SE1xSjlldTYxcjBfblRhUW1rYkhxQVppSlJoZmY5T2lTbTlOTFF3SWFSNThaMDRRMmRxM29sVjExVmJvNGpHbjlpM3VNNXRscmtEck9jd2ZSZ3B6OEtNUFl6SVA4WUxFbnlMNkZRUVpMZ3RLa1l6cFdxMjJwb0hGc01TY3pfUGhHbE9lb0RTXzVVMUwwSzVqWndHUDVJeHJkMnlkMjJvUnI4Z0RSOGlGQnNwTUJhWFlna3JUWGxuWEs4NjVGUFdsTGpsS1NzOA?oc=5\" target=\"_blank\" rel=\"nofollow noopener\">&#8216;BBB 26&#8217;: Milena faz alerta e d\u00e1 bronca em Pedro: &#8216;\u00c9 aperto de m\u00e3o&#8217;<\/a>&nbsp;&nbsp;Terra<\/li>\n<li><a href=\"https:\/\/news.google.com\/rss\/articles\/CBMi4AFBVV95cUxNU1ozQmxBRS1WMlh5dmJ1bXZyZTc2S3N3djlEWDBBd19YZTRXSTVSRXNUSjhiWEl2Xy1EYXRJUFVjU1VGRThab0ZwRkxONzlxYUMtS0tmb21fMjRFTUk0M0ttN1E4YjhCbkZ5S2FSWVQ2TjFZaDgzVTZVOWsyV2kxQ1RvQW9XWDRYZXVrT3lwTUpsZkhDQVdaVkxmRVhSYkNaZ3dTRTRtRS1UR0VUNXVYT0pxOVJWQjkwUHQwQmREeEFRSzF4dWY3YzFGX2VHOTdkcFIzaUd1N1dNN1p1R3BRaw?oc=5\" target=\"_blank\" rel=\"nofollow noopener\">Milena repreende Pedro no BBB26 e dispara: \u2018Homem casado n\u00e3o cumprimenta mulher\u2019<\/a>&nbsp;&nbsp;1News Brasil<\/li>\n<li><a href=\"https:\/\/news.google.com\/rss\/articles\/CBMiwAFBVV95cUxNY254ZXJhaENDRERqdkFPWk9CaFh2UFp0ei1EWDFxTkV4MXRyN0RHVkYxNTJFU0Q3d2h4TmtoLUJGSFFFVTBlVVFDM09lckw4SWU5cHF4UXgycTJfbHRVRl9QQm5rRXN1bUhjUlVvMHBJYkJNcVhySEFOTnotTXpOU3lSOTN1ODE1OUR0VXN2VHJ6elNjVmhoRGQwOS1DMEkxNE9LQnVNMHU1bU1wQ2RvQTJBamZacTE2N1RCZ24yZXHSAcYBQVVfeXFMUEF1Z2NQdEk4VE55QjBrOUtWU3kwdkxPY1NTVkhiY29fV0d1cnBsY0pBR3BJemhpWjlPNWp5NEozci0xX3NPRWZFQjZzdWtqWkhiSG1wVmt0OFNpS214Y3QyaFNUYlhFbGZ3aHNfRVMyQm1waXRMN3JzaFVqVWpPSmdnLUdXX3BZOHRlR3A3MXdqTUIySEN1WFlXdmpGNE5OcTdDYU83TWJSZHdDSFJONUJ0a3pYai1mbGpEdWNJb041akhxaEJB?oc=5\" target=\"_blank\" rel=\"nofollow noopener\">BBB 26: Milena adverte Pedro ap\u00f3s brother tentar abra\u00e7\u00e1-la na casa<\/a>&nbsp;&nbsp;UOL<\/li>\n<li><a href=\"https:\/\/news.google.com\/rss\/articles\/CBMipAFBVV95cUxOdWZCVkxZTzhfNnJFZmFIeTdDQVpaYXVxQUdQRy0wZGxnd0MwbzVkaFM2c3ZJQTFJeF9BSFR2SGpXVmMwMFFXeEtGVmt3bGExYk9HRk9LcW9qS05tUU9RRnVGaTFIWm5HbzVhLXFHQTFpLU50aDNKN3J3NV9SMDRNbTZqMmN2ZkFmRmUxci1ZT0dwN2VwYTc5c3F3YW1MZVBtbXBDMA?oc=5\" target=\"_blank\" rel=\"nofollow noopener\">Paulo Augusto revela voto em Milena se o l\u00edder n\u00e3o a indicar no BBB 26<\/a>&nbsp;&nbsp;Folha de Curitiba<\/li>\n<\/ol>\n","protected":false},"excerpt":{"rendered":"Milena revela voto em brother e dispara: &#8216;Cara s\u00f3 dorme&#8217;&nbsp;&nbsp;Gshow &#8216;BBB 26&#8217;: Milena faz alerta e d\u00e1 bronca&hellip;\n","protected":false},"author":2,"featured_media":231164,"comment_status":"","ping_status":"","sticky":false,"template":"","format":"standard","meta":{"footnotes":""},"categories":[145],"tags":[211,210,114,115,32,33],"class_list":{"0":"post-231163","1":"post","2":"type-post","3":"status-publish","4":"format-standard","5":"has-post-thumbnail","7":"category-celebridades","8":"tag-celebridades","9":"tag-celebrities","10":"tag-entertainment","11":"tag-entretenimento","12":"tag-portugal","13":"tag-pt"},"share_on_mastodon":{"url":"https:\/\/pubeurope.com\/@pt\/115903986570095772","error":""},"_links":{"self":[{"href":"https:\/\/www.europesays.com\/pt\/wp-json\/wp\/v2\/posts\/231163","targetHints":{"allow":["GET"]}}],"collection":[{"href":"https:\/\/www.europesays.com\/pt\/wp-json\/wp\/v2\/posts"}],"about":[{"href":"https:\/\/www.europesays.com\/pt\/wp-json\/wp\/v2\/types\/post"}],"author":[{"embeddable":true,"href":"https:\/\/www.europesays.com\/pt\/wp-json\/wp\/v2\/users\/2"}],"replies":[{"embeddable":true,"href":"https:\/\/www.europesays.com\/pt\/wp-json\/wp\/v2\/comments?post=231163"}],"version-history":[{"count":0,"href":"https:\/\/www.europesays.com\/pt\/wp-json\/wp\/v2\/posts\/231163\/revisions"}],"wp:featuredmedia":[{"embeddable":true,"href":"https:\/\/www.europesays.com\/pt\/wp-json\/wp\/v2\/media\/231164"}],"wp:attachment":[{"href":"https:\/\/www.europesays.com\/pt\/wp-json\/wp\/v2\/media?parent=231163"}],"wp:term":[{"taxonomy":"category","embeddable":true,"href":"https:\/\/www.europesays.com\/pt\/wp-json\/wp\/v2\/categories?post=231163"},{"taxonomy":"post_tag","embeddable":true,"href":"https:\/\/www.europesays.com\/pt\/wp-json\/wp\/v2\/tags?post=231163"}],"curies":[{"name":"wp","href":"https:\/\/api.w.org\/{rel}","templated":true}]}}