{"id":231169,"date":"2026-01-16T09:15:07","date_gmt":"2026-01-16T09:15:07","guid":{"rendered":"https:\/\/www.europesays.com\/pt\/231169\/"},"modified":"2026-01-16T09:15:07","modified_gmt":"2026-01-16T09:15:07","slug":"mais-controlo-parental-e-recomendacoes-para-jovens-observador","status":"publish","type":"post","link":"https:\/\/www.europesays.com\/pt\/231169\/","title":{"rendered":"mais controlo parental e recomenda\u00e7\u00f5es para jovens \u2013 Observador"},"content":{"rendered":"<p>A plataforma de v\u00eddeo Youtube anunciou esta quinta-feira um refor\u00e7o nas ferramentas de controlo parental e uma atualiza\u00e7\u00e3o nas regras de recomenda\u00e7\u00e3o de conte\u00fado para adolescentes em Portugal e noutros pa\u00edses.<\/p>\n<p>\u201cCom o objetivo de criar um ambiente digital mais equilibrado e seguro, estas <strong>mudan\u00e7as focam-se na visualiza\u00e7\u00e3o consciente e na qualidade do conte\u00fado que chega aos jovens<\/strong>\u201c, refere o YouTube, em comunicado.<\/p>\n<p>Entre o que muda para as fam\u00edlias est\u00e1 o controlo total do YouTube Shorts. Neste \u00e2mbito, \u201cos pais passam a poder definir limites de tempo espec\u00edficos para o feed\u00a0de v\u00eddeos curtos\u201d.<\/p>\n<p>A partir de agora passa a ser poss\u00edvel <strong>definir o tempo para zero<\/strong>, permitindo, por exemplo, que o jovem use o YouTube para estudar sem a distra\u00e7\u00e3o do feed\u00a0infinito de Shorts.<\/p>\n<p>Outra das atualiza\u00e7\u00f5es diz respeito \u00e0 gest\u00e3o de contas simplificada, em que \u201ccriar e alternar entre contas de fam\u00edlia na aplica\u00e7\u00e3o m\u00f3vel tornou-se mais r\u00e1pido\u201d.<\/p>\n<p>A plataforma refere tamb\u00e9m conseguir garantir que o menor \u201cacede ao perfil com as restri\u00e7\u00f5es e recomenda\u00e7\u00f5es adequadas \u00e0 sua idade\u201d.<\/p>\n<p>H\u00e1 ainda a possibilidade de c<strong>onfigurar lembretes personalizados<\/strong> de \u201cHora de Dormir\u201d e \u201cFazer uma Pausa\u201d, refor\u00e7ando h\u00e1bitos digitais saud\u00e1veis.<\/p>\n<p>O algoritmo de recomenda\u00e7\u00f5es foi ajustado com base em estudos de especialistas em psicologia e pediatria, refere o YouTube, adiantando que \u201cir\u00e1 agora dar prioridade a v\u00eddeos que promovam\u201d tutoriais e novos passatempos, gest\u00e3o de or\u00e7amento, trabalho em equipa e resili\u00eancia e conte\u00fados que evitem a press\u00e3o est\u00e9tica ou social excessiva.<\/p>\n<p>\u201cUm estudo recente indica que 73% dos pais na Uni\u00e3o Europeia j\u00e1 se sentem mais confiantes ao utilizar as ferramentas de supervis\u00e3o do YouTube, confirmando que estas ajudam a criar um ambiente digital mais controlado e seguro\u201d, refere.<\/p>\n<p>Estas atualiza\u00e7\u00f5es v\u00e3o come\u00e7ar a ser implementadas a partir desta quinta-feira e a expandirem-se globalmente ao longo dos pr\u00f3ximos meses, adianta a plataforma.<\/p>\n","protected":false},"excerpt":{"rendered":"A plataforma de v\u00eddeo Youtube anunciou esta quinta-feira um refor\u00e7o nas ferramentas de controlo parental e uma atualiza\u00e7\u00e3o&hellip;\n","protected":false},"author":2,"featured_media":231170,"comment_status":"","ping_status":"","sticky":false,"template":"","format":"standard","meta":{"footnotes":""},"categories":[84],"tags":[109,107,108,549,32,33,105,103,104,106,110,3004],"class_list":{"0":"post-231169","1":"post","2":"type-post","3":"status-publish","4":"format-standard","5":"has-post-thumbnail","7":"category-ciencia-e-tecnologia","8":"tag-ciencia","9":"tag-ciencia-e-tecnologia","10":"tag-cienciaetecnologia","11":"tag-internet","12":"tag-portugal","13":"tag-pt","14":"tag-science","15":"tag-science-and-technology","16":"tag-scienceandtechnology","17":"tag-technology","18":"tag-tecnologia","19":"tag-youtube"},"share_on_mastodon":{"url":"https:\/\/pubeurope.com\/@pt\/115904022052356575","error":""},"_links":{"self":[{"href":"https:\/\/www.europesays.com\/pt\/wp-json\/wp\/v2\/posts\/231169","targetHints":{"allow":["GET"]}}],"collection":[{"href":"https:\/\/www.europesays.com\/pt\/wp-json\/wp\/v2\/posts"}],"about":[{"href":"https:\/\/www.europesays.com\/pt\/wp-json\/wp\/v2\/types\/post"}],"author":[{"embeddable":true,"href":"https:\/\/www.europesays.com\/pt\/wp-json\/wp\/v2\/users\/2"}],"replies":[{"embeddable":true,"href":"https:\/\/www.europesays.com\/pt\/wp-json\/wp\/v2\/comments?post=231169"}],"version-history":[{"count":0,"href":"https:\/\/www.europesays.com\/pt\/wp-json\/wp\/v2\/posts\/231169\/revisions"}],"wp:featuredmedia":[{"embeddable":true,"href":"https:\/\/www.europesays.com\/pt\/wp-json\/wp\/v2\/media\/231170"}],"wp:attachment":[{"href":"https:\/\/www.europesays.com\/pt\/wp-json\/wp\/v2\/media?parent=231169"}],"wp:term":[{"taxonomy":"category","embeddable":true,"href":"https:\/\/www.europesays.com\/pt\/wp-json\/wp\/v2\/categories?post=231169"},{"taxonomy":"post_tag","embeddable":true,"href":"https:\/\/www.europesays.com\/pt\/wp-json\/wp\/v2\/tags?post=231169"}],"curies":[{"name":"wp","href":"https:\/\/api.w.org\/{rel}","templated":true}]}}