{"id":231175,"date":"2026-01-16T09:19:45","date_gmt":"2026-01-16T09:19:45","guid":{"rendered":"https:\/\/www.europesays.com\/pt\/231175\/"},"modified":"2026-01-16T09:19:45","modified_gmt":"2026-01-16T09:19:45","slug":"restaurantes-quando-o-choco-e-rei-em-campo-de-ourique","status":"publish","type":"post","link":"https:\/\/www.europesays.com\/pt\/231175\/","title":{"rendered":"Restaurantes: quando o choco \u00e9 rei em Campo de Ourique"},"content":{"rendered":"<p class=\"texto\">A entrada do texto acima d\u00e1 para diferentes abordagens e correla\u00e7\u00f5es. Se f\u00f4ssemos pela atualidade desportiva recente, entrava o Vit\u00f3ria Sport Clube, que fez saltar de alegria a cidade de Guimar\u00e3es com a sua recente conquista de um trof\u00e9u de inverno que aquece os cora\u00e7\u00f5es do Minho at\u00e9 ao ver\u00e3o. Em Campo de Ourique tamb\u00e9m entra a cultura minhota atrav\u00e9s da sua poderosa cozinha regional, que tem no bairro lisboeta duas moradas com lastro na vida do bairro: Os 4 Minhotos e a Imperial de Campo de Ourique. Este \u00faltimo com uma fam\u00edlia casti\u00e7a e onde o Jo\u00e3o, o anfitri\u00e3o, afian\u00e7a que tudo o que serve \u201cest\u00e1 um espet\u00e1culo\u201d, e o primeiro junto ao Cemit\u00e9rio dos Prazeres. Ambos lutam contra o desgosto de se ver a cozinha portuguesa a morrer, num bairro cada vez mais franc\u00eas e com solicita\u00e7\u00f5es gastron\u00f3micas, entre restaurantes e lojas, de v\u00e1rios n\u00edveis e perfis de clientes, que \u00e9 um cemit\u00e9rio de boas inten\u00e7\u00f5es.<\/p>\n<p><a href=\"https:\/\/expresso.pt\/subscrever?action=GEN&amp;channel=BAF&amp;type=CAP&amp;source=WEB&amp;returnUrl=https:\/\/expresso.pt\/revista\/vicios\/restaurantes\/2026-01-15-restaurantes-quando-o-choco-e-rei-em-campo-de-ourique-3b66eeb5&amp;utm_source=expresso&amp;utm_medium=locked_article&amp;locked=true&amp;article_id=974fcfb4-2a68-4a91-b5d8-d3b14eae2199&amp;author_id=Fortunato+da+C\u00e2mara&amp;category=Restaurantes\" target=\"_self\" class=\"\" rel=\"nofollow noopener\">Subscrever<\/a>J\u00e1 \u00e9 Subscritor?Fa\u00e7a login e continue a ler<a href=\"http:\/\/expresso.pt\/codigo?redirectUrl=https:\/\/expresso.pt\/revista\/vicios\/restaurantes\/2026-01-15-restaurantes-quando-o-choco-e-rei-em-campo-de-ourique-3b66eeb5\" target=\"_self\" class=\"\" rel=\"nofollow noopener\">Inserir C\u00f3digo<\/a>Comprou o Expresso?Insira o c\u00f3digo presente na Revista E para continuar a ler<\/p>\n","protected":false},"excerpt":{"rendered":"A entrada do texto acima d\u00e1 para diferentes abordagens e correla\u00e7\u00f5es. Se f\u00f4ssemos pela atualidade desportiva recente, entrava&hellip;\n","protected":false},"author":2,"featured_media":231176,"comment_status":"","ping_status":"","sticky":false,"template":"","format":"standard","meta":{"footnotes":""},"categories":[8],"tags":[27,28,15,16,14,25,26,21,22,12,13,19,20,32,23,24,33,17,18,29,30,31],"class_list":{"0":"post-231175","1":"post","2":"type-post","3":"status-publish","4":"format-standard","5":"has-post-thumbnail","7":"category-principais-noticias","8":"tag-breaking-news","9":"tag-breakingnews","10":"tag-featured-news","11":"tag-featurednews","12":"tag-headlines","13":"tag-latest-news","14":"tag-latestnews","15":"tag-main-news","16":"tag-mainnews","17":"tag-news","18":"tag-noticias","19":"tag-noticias-principais","20":"tag-noticiasprincipais","21":"tag-portugal","22":"tag-principais-noticias","23":"tag-principaisnoticias","24":"tag-pt","25":"tag-top-stories","26":"tag-topstories","27":"tag-ultimas","28":"tag-ultimas-noticias","29":"tag-ultimasnoticias"},"share_on_mastodon":{"url":"https:\/\/pubeurope.com\/@pt\/115904037829034983","error":""},"_links":{"self":[{"href":"https:\/\/www.europesays.com\/pt\/wp-json\/wp\/v2\/posts\/231175","targetHints":{"allow":["GET"]}}],"collection":[{"href":"https:\/\/www.europesays.com\/pt\/wp-json\/wp\/v2\/posts"}],"about":[{"href":"https:\/\/www.europesays.com\/pt\/wp-json\/wp\/v2\/types\/post"}],"author":[{"embeddable":true,"href":"https:\/\/www.europesays.com\/pt\/wp-json\/wp\/v2\/users\/2"}],"replies":[{"embeddable":true,"href":"https:\/\/www.europesays.com\/pt\/wp-json\/wp\/v2\/comments?post=231175"}],"version-history":[{"count":0,"href":"https:\/\/www.europesays.com\/pt\/wp-json\/wp\/v2\/posts\/231175\/revisions"}],"wp:featuredmedia":[{"embeddable":true,"href":"https:\/\/www.europesays.com\/pt\/wp-json\/wp\/v2\/media\/231176"}],"wp:attachment":[{"href":"https:\/\/www.europesays.com\/pt\/wp-json\/wp\/v2\/media?parent=231175"}],"wp:term":[{"taxonomy":"category","embeddable":true,"href":"https:\/\/www.europesays.com\/pt\/wp-json\/wp\/v2\/categories?post=231175"},{"taxonomy":"post_tag","embeddable":true,"href":"https:\/\/www.europesays.com\/pt\/wp-json\/wp\/v2\/tags?post=231175"}],"curies":[{"name":"wp","href":"https:\/\/api.w.org\/{rel}","templated":true}]}}