{"id":231177,"date":"2026-01-16T09:20:10","date_gmt":"2026-01-16T09:20:10","guid":{"rendered":"https:\/\/www.europesays.com\/pt\/231177\/"},"modified":"2026-01-16T09:20:10","modified_gmt":"2026-01-16T09:20:10","slug":"aline-campos-se-avalia-apos-ser-indicada-ao-paredao-muito-coerente-do-inicio-ao-fim-gshow","status":"publish","type":"post","link":"https:\/\/www.europesays.com\/pt\/231177\/","title":{"rendered":"Aline Campos se avalia ap\u00f3s ser indicada ao Pared\u00e3o: &#039;Muito coerente do inicio ao fim&#039; &#8211; Gshow"},"content":{"rendered":"<ol>\n<li><a href=\"https:\/\/news.google.com\/rss\/articles\/CBMi7gFBVV95cUxNNThONjNpd3pseEFhd0pxMl9NVzAyeUxZSnZFd0wtcTN6ZEs1eDFkazQ1NFU2bTZTamRxc2lyYldhcHB3aVIwbDBOTFkzbFpLZ24zYXZZWFJZZVk2M295SXMxTVdQTG81THotLTJQU1VTZXpURVFJdUs5dWlnRjdVejZ6MmNKQjVxbGhXZDBzTWlTcHRvcTNodkdKcFZ0eHl1LWdZN0JkNFNWckhCWGJJSHBqR0VMYW1NT2MwdnZxVDZkYi16bEd3QTA5eU00Rk1EaC1fTnNzWDFxSWVLZzljbDBCZjZlZE5CUTl2X0FR0gH8AUFVX3lxTFBXNldSZEQ1eWc1WjhtZy1zb3N6cUFrWFRqbHpXX0M2MjkxWEF0bGVkTEgxZ3NJdktCUUhiWVh6UTRfdXp0SzRENm4teEdTZC1rdHB5LVZGQnVXSVZsc3QxcVQ2aXpnOUE2LU9mNDBQaVkybTlOLUhCX082M05LdmQ4UURkcDg3X3RJUkZIcEpFREpiY043Qkp0RUpwU0lWV1Q0a190TVA3WW0yTk9md1FvMnU1alhheFZjamhURGtSMWc0X3BIZm5vanlGdGFwdlg1cG5EYTlzNWZYcENOejBpR2JQS2FXZ1lxLTRmZjVCS0NTMzk0Y0RCNEJRWA?oc=5\" target=\"_blank\" rel=\"nofollow noopener\">Aline Campos se avalia ap\u00f3s ser indicada ao Pared\u00e3o: &#8216;Muito coerente do inicio ao fim&#8217;<\/a>&nbsp;&nbsp;Gshow<\/li>\n<li><a href=\"https:\/\/news.google.com\/rss\/articles\/CBMi8wFBVV95cUxQNHluQTREV3NxdHVRVU43QzBpZW9ON2VEdmRmVXczOWpxZTRRR1dOUXZZTWFZNGxsZl9oYk1XbU5Fa2cwT2lLS0R0VHlKdkY5ZDQ5c3FCMU9ZMFZDQ2xrdUlXQ1JGQjdfZ250NXBwNi1lTDZ3Unc3QVdhaWFhMjRuVWg1Y091akk0Q1VDTUxBNXZzV253UTc2ZmRFQk9MeTJOMUhNYVhoV2xncEdqejRmRmhiaUJzd28yUjlSQnhIeGdnR0t3ellGaUliQlM5eXh6RWpMSDlVSV9yRldBYkhsOTN0a01OenVqS2VvXzJYMHJrcFHSAYICQVVfeXFMUHNXaGdDbV9sNVhNT3NOUS1weFN1YWtxR3lwNWYyVW1pcmJHdVlSbmNQcGYxVFRCcHBXaG9fRVFsaFBzSUY4SlhET2hCeVR3TlczZDNHdU5fQjZNUjNYSXJXbHplbkt4VmllNFRWVjgzdURKYUtqbHhBZmZZS0Z1bl9TMTVSNjd5TUFZTWt2NlpEOElzVVFBeHQzMkhLdWlZTjJvVThxelZ3Q3pvQzYwMGhST0xoOVlwNll2VUdaNDB3V0g0WFRfMWlsbzlBSWpHbjRDT2RuZFBDWmtqR1lIa0dFams1OW1vLW5paVNQanZ2Zk5JdUxReUlCQ3hIX2VUU0NB?oc=5\" target=\"_blank\" rel=\"nofollow noopener\">Indicada ao Pared\u00e3o pelo Big Fone, Aline Campos d\u00e1 Contragolpe em Ana Paula Renault<\/a>&nbsp;&nbsp;Gshow<\/li>\n<li><a href=\"https:\/\/news.google.com\/rss\/articles\/CBMixAFBVV95cUxPeVl5clotX2c2MngyN0tVYW1qT3VBNnZmdzBrVVN6NUp6Y2hPYW1vUE1DMGpkQUZXWHVWNEV6Vm1vRmcwb0JoZDlyc0xNZmFWWkVSY3hVaXNWV01IWF9NM216dXhNdzdiNWV3Nlo0c1BLY3lwcy1XUjZOblh1TVBIQ3hZengtVGlJRE9VZnhnb0JaNEh1alR4NnRZUEhHRGgtemlOaU5CcVBfSmFwNXo1UmFId2JQazN5Vm9iSnAwVGFtc2FQ?oc=5\" target=\"_blank\" rel=\"nofollow noopener\">Big Fone: Marcelo indica Aline ao Pared\u00e3o, que d\u00e1 contragolpe em Ana Paula<\/a>&nbsp;&nbsp;UOL<\/li>\n<li><a href=\"https:\/\/news.google.com\/rss\/articles\/CBMipgFBVV95cUxQZGRvYzN0UVJfVWFvSlcyaVo4QWE2MFlUbG1DM1hjS1B4T0V5aU01NXZJS0w2Y3FLOGxydkxESFF0NmwyNmtQYk5jYUljNjlWRFRaZGtFTm1sMzhxR1lYQkJuam1hdU1UVk9Tb2ltMWNQTkNBTXZtY3JJa3VOeXkyQ2pYQkh2aVYzVUdnWGc0dnNIakI5b2hoeUFEYno1NTFyTjNIQ3dB?oc=5\" target=\"_blank\" rel=\"nofollow noopener\">Enquete BBB 26: Qual Big Fone deve tocar hoje no reality? Vote<\/a>&nbsp;&nbsp;Estad\u00e3o<\/li>\n<li><a href=\"https:\/\/news.google.com\/rss\/articles\/CBMikwJBVV95cUxPZjlWbFY2U3dWeDN3ZURYSncwX25zT09yT1c3OV9sYjBZX2FNelNFMTZQNGxZZEpMalNZSFM2SDhPLVFoTmhCbmNHUm9FSE1XNWJIRnp6RThnUENkVlk2MGx0bmtFNThQZG5kSUZTaUhndi1fM0lyTUhhS2RuTXFwd2JxSG9nMl8zeXF1a0tkUGI5M3RUazBKRXJMaExjZDVkcjVtMHhnTEZXVGVDc3BwVEpONHNBd3Vlc2ZoUU9MQko4c3kwc0JuTkgtb2IwODl5VktUeXdENC1fOE5sSzZtOUtJWlFvelFJVmpqWjRRLVJjVkdhWUhWRXRCaDNseGMza0M2YXRidUlKYWlRbS11MmNURQ?oc=5\" target=\"_blank\" rel=\"nofollow noopener\">Marcelo atende o primeiro Big Fone do &#8220;BBB 26&#8221;; Aline Campos e Ana Paula est\u00e3o emparedadas<\/a>&nbsp;&nbsp;GZH<\/li>\n<\/ol>\n","protected":false},"excerpt":{"rendered":"Aline Campos se avalia ap\u00f3s ser indicada ao Pared\u00e3o: &#8216;Muito coerente do inicio ao fim&#8217;&nbsp;&nbsp;Gshow Indicada ao Pared\u00e3o&hellip;\n","protected":false},"author":2,"featured_media":231178,"comment_status":"","ping_status":"","sticky":false,"template":"","format":"standard","meta":{"footnotes":""},"categories":[145],"tags":[211,210,114,115,32,33],"class_list":{"0":"post-231177","1":"post","2":"type-post","3":"status-publish","4":"format-standard","5":"has-post-thumbnail","7":"category-celebridades","8":"tag-celebridades","9":"tag-celebrities","10":"tag-entertainment","11":"tag-entretenimento","12":"tag-portugal","13":"tag-pt"},"share_on_mastodon":{"url":"https:\/\/pubeurope.com\/@pt\/115904041637690912","error":""},"_links":{"self":[{"href":"https:\/\/www.europesays.com\/pt\/wp-json\/wp\/v2\/posts\/231177","targetHints":{"allow":["GET"]}}],"collection":[{"href":"https:\/\/www.europesays.com\/pt\/wp-json\/wp\/v2\/posts"}],"about":[{"href":"https:\/\/www.europesays.com\/pt\/wp-json\/wp\/v2\/types\/post"}],"author":[{"embeddable":true,"href":"https:\/\/www.europesays.com\/pt\/wp-json\/wp\/v2\/users\/2"}],"replies":[{"embeddable":true,"href":"https:\/\/www.europesays.com\/pt\/wp-json\/wp\/v2\/comments?post=231177"}],"version-history":[{"count":0,"href":"https:\/\/www.europesays.com\/pt\/wp-json\/wp\/v2\/posts\/231177\/revisions"}],"wp:featuredmedia":[{"embeddable":true,"href":"https:\/\/www.europesays.com\/pt\/wp-json\/wp\/v2\/media\/231178"}],"wp:attachment":[{"href":"https:\/\/www.europesays.com\/pt\/wp-json\/wp\/v2\/media?parent=231177"}],"wp:term":[{"taxonomy":"category","embeddable":true,"href":"https:\/\/www.europesays.com\/pt\/wp-json\/wp\/v2\/categories?post=231177"},{"taxonomy":"post_tag","embeddable":true,"href":"https:\/\/www.europesays.com\/pt\/wp-json\/wp\/v2\/tags?post=231177"}],"curies":[{"name":"wp","href":"https:\/\/api.w.org\/{rel}","templated":true}]}}