{"id":231179,"date":"2026-01-16T09:23:16","date_gmt":"2026-01-16T09:23:16","guid":{"rendered":"https:\/\/www.europesays.com\/pt\/231179\/"},"modified":"2026-01-16T09:23:16","modified_gmt":"2026-01-16T09:23:16","slug":"pedro-defende-se-das-criticas-de-claudio-ramos-estamos-ha-14-dias-ca-fora-e-eu-gosto-da-marisa-de-maneira-igual-tvi","status":"publish","type":"post","link":"https:\/\/www.europesays.com\/pt\/231179\/","title":{"rendered":"Pedro defende-se das cr\u00edticas de Cl\u00e1udio Ramos: \u201cEstamos h\u00e1 14 dias c\u00e1 fora e eu gosto da Marisa de maneira igual\u201d &#8211; TVI"},"content":{"rendered":"<ol>\n<li><a href=\"https:\/\/news.google.com\/rss\/articles\/CBMi_wFBVV95cUxNa2xZa1RqdVlZMk9uMXhuY1ZhNkZ0SnFpc05tYWJXWWdFV1hiTEZJS05iVHdiWFM2cUxwaUdGSnJacG9PcmhmSzFDNGgwZmpTR2VvR3NObUpRY1QwWG5DM01KZHRnNkF5VmtqaENZXzVXTXBGWDd0dk1HTnpsUkE5UXBydWs3Z0xhYjRyX3lKdkZQUjdyb0ZHdmJYb3k2QUk5RWJuWG9tLVRMYWJFSzRQbnJTYWZGdHZCNXlKVXZNMDcyVVZWWnItX3QzbjVBdWt4Y2d3dWlCb1Z6T2FVRUxUMXRKOG5ueUxkMUw1TjhWNzM0WlppS2xNbk0zRXV0Znc?oc=5\" target=\"_blank\" rel=\"nofollow noopener\">Pedro defende-se das cr\u00edticas de Cl\u00e1udio Ramos: \u201cEstamos h\u00e1 14 dias c\u00e1 fora e eu gosto da Marisa de maneira igual\u201d<\/a>&nbsp;&nbsp;TVI<\/li>\n<li><a href=\"https:\/\/news.google.com\/rss\/articles\/CBMioAFBVV95cUxPMkVsMVZsRGM2aC1SVllUdzNMNDJfWkVGUWVSV2dYeGw0SEM1OFBuT0dhbzVyeU9JcjhBVjNqb0JIeFo1MEFGd2F2aGxCU29VTXRXSzRINmJlazJ5TEFiV2MtTHBrczlrLUdERzFQb1VwQm9zdWJjOElpX3c5eHc5VHlhR1dkXzdQaGFHWWFkVUp2TU9NS0J4S1B6OWQ0eHBj?oc=5\" target=\"_blank\" rel=\"nofollow noopener\">Cl\u00e1udio Ramos vai receber Pedro Jorge no \u201cDois \u00e0s 10\u201d: \u201cO encontro mais aguardado\u2026\u201d<\/a>&nbsp;&nbsp;Hiper Fm<\/li>\n<li><a href=\"https:\/\/news.google.com\/rss\/articles\/CBMiogJBVV95cUxPSzRvWEJzdTNJT1F6V0syMTR5QnBCQkhXUndSbFJfdjdGTVJyajM5eW5UdVpKSVo0eXJScjhqazZYampEZU5ncF9sUjdNblhlNUNRa2xUQ3RIdGRjR3l6QmU3RHdVVjhYVUlhWWtaRUhPMTJwSmFzQ1ZGZXRrYzBweFlsUE5RMzR3UURDRWZFbS1XV2ZsYTZObWM5S1RzSE50SzNDUmh3N0pud1FpQmwwTmNkYVhVX1Z1U1E1VFZLbHRCdFEtc25SZkdQXzdJSmw0NmplRWI1ZkotZUt1NnBFdjUxVmFVVktEQkQ1QXpVN1NIRFRkRTNOQmFDMjdFeWFaTjhGVjNETnRCVjlncDRwaGh1UXMyOWY1VUVrSFRaZE5pQQ?oc=5\" target=\"_blank\" rel=\"nofollow noopener\">Das mensagens para a fam\u00edlia ao esclarecimento das acusa\u00e7\u00f5es: como foi o encontro de Pedro Jorge e Cl\u00e1udio Ramos ap\u00f3s as pol\u00e9micas durante a Casa dos Segredos<\/a>&nbsp;&nbsp;TV Guia.pt<\/li>\n<li><a href=\"https:\/\/news.google.com\/rss\/articles\/CBMiT0FVX3lxTE5uelVYUnJFNE5FbXRHT1RPdE9vWkxURzBTbVk3QUJhWG9vMlNxdHM2a0VNMmRFWEItMEgxVWM1UGs1RXN2cUxyc3VtMy1kcWM?oc=5\" target=\"_blank\" rel=\"nofollow noopener\">Pedro Jorge garante a Cl\u00e1udio Ramos: &#8220;A opini\u00e3o da Marisa prevalece&#8221;<\/a>&nbsp;&nbsp;A Televis\u00e3o<\/li>\n<li><a href=\"https:\/\/news.google.com\/rss\/articles\/CBMi2wFBVV95cUxNVHF1eHpqUTdDelNaTnh3SmJ6SWZYT3lTSWtuTkZ5dHNOSUlsaU5aSU5fVjNOMDVCYWxKYWd3Q19DeHh6MEtDYnBMenE2akZMZ04zcEJSbzJxTVVUV3Zob1pTRktIbFFPWFFjMVRQYVlKUmt5Z1d4UjVSTmtCUm1mQ05KNUNVcUhienUxZlpDZVh1ZTF5dHFteVFkVlAyRTFBMEtTYTJUQVRLbmdxNnY3ajRSaGFUVUQ5TlBEZnRPM1I0QUY1M1B4RnJ5TXdoazFLTENuQXNjcGZwbFU?oc=5\" target=\"_blank\" rel=\"nofollow noopener\">Cl\u00e1udio Ramos confronta Pedro Jorge em direto ap\u00f3s duras cr\u00edticas! \u201cVou ser mesmo sincero contigo\u2026\u201d<\/a>&nbsp;&nbsp;SAPO<\/li>\n<\/ol>\n","protected":false},"excerpt":{"rendered":"Pedro defende-se das cr\u00edticas de Cl\u00e1udio Ramos: \u201cEstamos h\u00e1 14 dias c\u00e1 fora e eu gosto da Marisa&hellip;\n","protected":false},"author":2,"featured_media":225042,"comment_status":"","ping_status":"","sticky":false,"template":"","format":"standard","meta":{"footnotes":""},"categories":[142],"tags":[114,115,32,33,151],"class_list":{"0":"post-231179","1":"post","2":"type-post","3":"status-publish","4":"format-standard","5":"has-post-thumbnail","7":"category-tv","8":"tag-entertainment","9":"tag-entretenimento","10":"tag-portugal","11":"tag-pt","12":"tag-tv"},"share_on_mastodon":{"url":"https:\/\/pubeurope.com\/@pt\/115904053405581908","error":""},"_links":{"self":[{"href":"https:\/\/www.europesays.com\/pt\/wp-json\/wp\/v2\/posts\/231179","targetHints":{"allow":["GET"]}}],"collection":[{"href":"https:\/\/www.europesays.com\/pt\/wp-json\/wp\/v2\/posts"}],"about":[{"href":"https:\/\/www.europesays.com\/pt\/wp-json\/wp\/v2\/types\/post"}],"author":[{"embeddable":true,"href":"https:\/\/www.europesays.com\/pt\/wp-json\/wp\/v2\/users\/2"}],"replies":[{"embeddable":true,"href":"https:\/\/www.europesays.com\/pt\/wp-json\/wp\/v2\/comments?post=231179"}],"version-history":[{"count":0,"href":"https:\/\/www.europesays.com\/pt\/wp-json\/wp\/v2\/posts\/231179\/revisions"}],"wp:featuredmedia":[{"embeddable":true,"href":"https:\/\/www.europesays.com\/pt\/wp-json\/wp\/v2\/media\/225042"}],"wp:attachment":[{"href":"https:\/\/www.europesays.com\/pt\/wp-json\/wp\/v2\/media?parent=231179"}],"wp:term":[{"taxonomy":"category","embeddable":true,"href":"https:\/\/www.europesays.com\/pt\/wp-json\/wp\/v2\/categories?post=231179"},{"taxonomy":"post_tag","embeddable":true,"href":"https:\/\/www.europesays.com\/pt\/wp-json\/wp\/v2\/tags?post=231179"}],"curies":[{"name":"wp","href":"https:\/\/api.w.org\/{rel}","templated":true}]}}