{"id":231180,"date":"2026-01-16T09:26:11","date_gmt":"2026-01-16T09:26:11","guid":{"rendered":"https:\/\/www.europesays.com\/pt\/231180\/"},"modified":"2026-01-16T09:26:11","modified_gmt":"2026-01-16T09:26:11","slug":"luis-guilherme-estreia-se-no-onze-do-sporting-sporting","status":"publish","type":"post","link":"https:\/\/www.europesays.com\/pt\/231180\/","title":{"rendered":"Lu\u00eds Guilherme estreia-se no onze do Sporting &#8211; Sporting"},"content":{"rendered":"<p>                    04:17<\/p>\n<p>Brasileiro prepara-se para ser titular frente ao Casa Pia, alinhando pela primeira vez em Alvalade<\/p>\n<p>    &#13;<br \/>\n            &#13;<br \/>\n                &#13;<br \/>\n                    &#13;<br \/>\n                &#13;<br \/>\n                &#13;<br \/>\n            &#13;<\/p>\n<p class=\"\">&#13;<br \/>\n        Quem chegou mais cedo ao Sporting nesta mercado de inverno foi mesmo Lu\u00eds Guilherme, extremo de 19 anos que se prepara para alinhar pela primeira vez em pleno Est\u00e1dio Jos\u00e9 Alvalade. O ex-West Ham j\u00e1 somou seis minutos de utiliza\u00e7\u00e3o ao servi\u00e7o dos verdes e brancos, quando foi lan\u00e7ado na fase final da derrota (1-2) contra o V. Guimar\u00e3es na Allianz Cup, s\u00f3 que agora poder\u00e1 mostrar-se \u00e0 plateia leonina, em casa, e logo como titular.&#13;\n    <\/p>\n<p>                        Para ler TODOS OS ARTIGOS RECORD PREMIUM durante o dia 16.01.2026 insira o seu n\u00famero de telem\u00f3vel e clique em OK<\/p>\n<p>Consulte a aplica\u00e7\u00e3o MBway no seu telem\u00f3vel e aceite a transa\u00e7\u00e3o&#13;\n                    <\/p>\n<p>                        Os seus dados n\u00e3o ser\u00e3o guardados pelo Record<\/p>\n","protected":false},"excerpt":{"rendered":"04:17 Brasileiro prepara-se para ser titular frente ao Casa Pia, alinhando pela primeira vez em Alvalade &#13; &#13;&hellip;\n","protected":false},"author":2,"featured_media":231181,"comment_status":"","ping_status":"","sticky":false,"template":"","format":"standard","meta":{"footnotes":""},"categories":[87],"tags":[135,32,33,134],"class_list":{"0":"post-231180","1":"post","2":"type-post","3":"status-publish","4":"format-standard","5":"has-post-thumbnail","7":"category-desporto","8":"tag-desporto","9":"tag-portugal","10":"tag-pt","11":"tag-sports"},"share_on_mastodon":{"url":"https:\/\/pubeurope.com\/@pt\/115904065277746004","error":""},"_links":{"self":[{"href":"https:\/\/www.europesays.com\/pt\/wp-json\/wp\/v2\/posts\/231180","targetHints":{"allow":["GET"]}}],"collection":[{"href":"https:\/\/www.europesays.com\/pt\/wp-json\/wp\/v2\/posts"}],"about":[{"href":"https:\/\/www.europesays.com\/pt\/wp-json\/wp\/v2\/types\/post"}],"author":[{"embeddable":true,"href":"https:\/\/www.europesays.com\/pt\/wp-json\/wp\/v2\/users\/2"}],"replies":[{"embeddable":true,"href":"https:\/\/www.europesays.com\/pt\/wp-json\/wp\/v2\/comments?post=231180"}],"version-history":[{"count":0,"href":"https:\/\/www.europesays.com\/pt\/wp-json\/wp\/v2\/posts\/231180\/revisions"}],"wp:featuredmedia":[{"embeddable":true,"href":"https:\/\/www.europesays.com\/pt\/wp-json\/wp\/v2\/media\/231181"}],"wp:attachment":[{"href":"https:\/\/www.europesays.com\/pt\/wp-json\/wp\/v2\/media?parent=231180"}],"wp:term":[{"taxonomy":"category","embeddable":true,"href":"https:\/\/www.europesays.com\/pt\/wp-json\/wp\/v2\/categories?post=231180"},{"taxonomy":"post_tag","embeddable":true,"href":"https:\/\/www.europesays.com\/pt\/wp-json\/wp\/v2\/tags?post=231180"}],"curies":[{"name":"wp","href":"https:\/\/api.w.org\/{rel}","templated":true}]}}