{"id":231186,"date":"2026-01-16T09:31:13","date_gmt":"2026-01-16T09:31:13","guid":{"rendered":"https:\/\/www.europesays.com\/pt\/231186\/"},"modified":"2026-01-16T09:31:13","modified_gmt":"2026-01-16T09:31:13","slug":"tecto-para-preco-do-petroleo-russo-fixado-em-4410-dolares-por-barril-a-partir-de-fevereiro-energia","status":"publish","type":"post","link":"https:\/\/www.europesays.com\/pt\/231186\/","title":{"rendered":"Tecto para pre\u00e7o do petr\u00f3leo russo fixado em 44,10 d\u00f3lares por barril a partir de fevereiro &#8211; Energia"},"content":{"rendered":"<p class=\"\">&#13;<br \/>\n        <b>A partir de 1 de fevereiro, o novo limite m\u00e1ximo para o pre\u00e7o do petr\u00f3leo bruto russo \u00e9 de 44,10 d\u00f3lares por barril<\/b>, \u00e0 luz de um novo mecanismo autom\u00e1tico e din\u00e2mico de adapta\u00e7\u00e3o do teto, aplicado esta quinta-feira pela primeira vez,\u00a0 pensado para especificamente exercer maior press\u00e3o sobre as receitas petrol\u00edferas da R\u00fassia, mantendo simultaneamente a estabilidade dos mercados globais de energia atrav\u00e9s da continuidade do fornecimento.&#13;\n    <\/p>\n<p class=\"\">&#13;<br \/>\n        No \u00e2mbito do 18.\u00ba pacote de san\u00e7\u00f5es contra Moscovo, o teto foi reduzido de 60 para 47,60 d\u00f3lares por barril, com a introdu\u00e7\u00e3o de um mecanismo autom\u00e1tico e din\u00e2mico para definir o futuro teto de pre\u00e7os do crude, o qual\u00a0garante que fica sempre 15% abaixo do pre\u00e7o m\u00e9dio de mercado do crude dos Urais no per\u00edodo de refer\u00eancia anterior (22 semanas, neste caso, foi de 15 de julho a 15 de dezembro de 2025).&#13;\n    <\/p>\n<p class=\"\">&#13;<br \/>\n        Em <a href=\"https:\/\/finance.ec.europa.eu\/news\/new-dynamic-mechanism-lower-price-cap-russian-crude-oil-4410-barrel-2026-01-15_en?prefLang=pt\" target=\"_blank\" rel=\"tag nofollow noopener\">comunicado<\/a>, a Comiss\u00e3o Europeia indica que, assim, a\u00a0partir desta quinta-feira, 15 de janeiro, os contratos antigos celebrados sob o anterior teto de pre\u00e7os poder\u00e3o ser executados durante 90 dias.&#13;\n    <\/p>\n<p class=\"\">&#13;<br \/>\n        <b>&#8220;Restringir as receitas energ\u00e9ticas da R\u00fassia tem sido e continuar\u00e1 a ser uma das principais prioridades da U<\/b><b>E<\/b>, com o objetivo de enfraquecer a capacidade de Moscovo de conduzir a sua guerra de agress\u00e3o ilegal contra a Ucr\u00e2nia&#8221;, diz a mesma nota emitida pela\u00a0Dire\u00e7\u00e3o-Geral da Estabilidade Financeira, dos Servi\u00e7os Financeiros e da Uni\u00e3o dos Mercados de Capitais.&#13;\n    <\/p>\n<p class=\"\">&#13;<br \/>\n        <b>O limite m\u00e1ximo dos pre\u00e7os\u00a0<\/b><b>ser\u00e1 sujeito a revis\u00e3o semestral por parte de Bruxelas<\/b>\u00a0 &#8211; a pr\u00f3xima atualiza\u00e7\u00e3o vai ser publicada a 15 de julho &#8211; embora esteja prevista a possibilidade de se realizarem\u00a0<b>revis\u00f5es extraordin\u00e1rias quando devidamente justificadas<\/b> pela evolu\u00e7\u00e3o dos mercados petrol\u00edferos ou por outras circunst\u00e2ncias imprevistas. &#13;\n    <\/p>\n<p class=\"\">&#13;<br \/>\n        A este respeito, a Comiss\u00e3o Europeia assinala que &#8220;mant\u00e9m contactos regulares com os Estados-Membros, bem como com os parceiros internacionais, para garantir uma estreita coordena\u00e7\u00e3o das medidas&#8221;.&#13;\n    <\/p>\n<p class=\"\">&#13;<br \/>\n        A UE estabeleceu o n\u00edvel dos tectos em estreita coopera\u00e7\u00e3o com a Alian\u00e7a para a Limita\u00e7\u00e3o dos Pre\u00e7os, a <a href=\"https:\/\/www.jornaldenegocios.pt\/economia\/detalhe\/g7-pronto-para-apoiar-limitacao-do-preco-ao-petroleo-russo\" target=\"_blank\" rel=\"tag nofollow noopener\">iniciativa do G7<\/a> (Alemanha, Canad\u00e1, EUA, Fran\u00e7a, It\u00e1lia, Jap\u00e3o, Reino Unido e UE) posta em marcha ap\u00f3s a invas\u00e3o da Ucr\u00e2nia, em 2022, com vista a reduzir as receitas de Moscovo, que financiam a guerra, sem cortar o fornecimento global.&#13;\n    <\/p>\n<p class=\"\">&#13;<br \/>\n        Os limites m\u00e1ximos aplicam-se desde 5 de dezembro de 2022 para o petr\u00f3leo bruto e desde 5 de fevereiro de 2023 para os produtos petrol\u00edferos.&#13;\n    <\/p>\n","protected":false},"excerpt":{"rendered":"&#13; A partir de 1 de fevereiro, o novo limite m\u00e1ximo para o pre\u00e7o do petr\u00f3leo bruto russo&hellip;\n","protected":false},"author":2,"featured_media":231187,"comment_status":"","ping_status":"","sticky":false,"template":"","format":"standard","meta":{"footnotes":""},"categories":[50],"tags":[43706,27,28,1834,15,16,12230,14,42050,461,25,26,21,22,40741,4617,62,12,13,19,20,1503,23,24,839,17,18,840,29,30,31,636,63,64,65],"class_list":{"0":"post-231186","1":"post","2":"type-post","3":"status-publish","4":"format-standard","5":"has-post-thumbnail","7":"category-mundo","8":"tag-bom-preco","9":"tag-breaking-news","10":"tag-breakingnews","11":"tag-comissao-europeia","12":"tag-featured-news","13":"tag-featurednews","14":"tag-g7","15":"tag-headlines","16":"tag-industria-do-petroleo-e-do-gas","17":"tag-japao","18":"tag-latest-news","19":"tag-latestnews","20":"tag-main-news","21":"tag-mainnews","22":"tag-mercado-da-energia","23":"tag-moscovo","24":"tag-mundo","25":"tag-news","26":"tag-noticias","27":"tag-noticias-principais","28":"tag-noticiasprincipais","29":"tag-precos","30":"tag-principais-noticias","31":"tag-principaisnoticias","32":"tag-russia","33":"tag-top-stories","34":"tag-topstories","35":"tag-ucrania","36":"tag-ultimas","37":"tag-ultimas-noticias","38":"tag-ultimasnoticias","39":"tag-uniao-europeia","40":"tag-world","41":"tag-world-news","42":"tag-worldnews"},"share_on_mastodon":{"url":"","error":"Validation failed: Text character limit of 500 exceeded"},"_links":{"self":[{"href":"https:\/\/www.europesays.com\/pt\/wp-json\/wp\/v2\/posts\/231186","targetHints":{"allow":["GET"]}}],"collection":[{"href":"https:\/\/www.europesays.com\/pt\/wp-json\/wp\/v2\/posts"}],"about":[{"href":"https:\/\/www.europesays.com\/pt\/wp-json\/wp\/v2\/types\/post"}],"author":[{"embeddable":true,"href":"https:\/\/www.europesays.com\/pt\/wp-json\/wp\/v2\/users\/2"}],"replies":[{"embeddable":true,"href":"https:\/\/www.europesays.com\/pt\/wp-json\/wp\/v2\/comments?post=231186"}],"version-history":[{"count":0,"href":"https:\/\/www.europesays.com\/pt\/wp-json\/wp\/v2\/posts\/231186\/revisions"}],"wp:featuredmedia":[{"embeddable":true,"href":"https:\/\/www.europesays.com\/pt\/wp-json\/wp\/v2\/media\/231187"}],"wp:attachment":[{"href":"https:\/\/www.europesays.com\/pt\/wp-json\/wp\/v2\/media?parent=231186"}],"wp:term":[{"taxonomy":"category","embeddable":true,"href":"https:\/\/www.europesays.com\/pt\/wp-json\/wp\/v2\/categories?post=231186"},{"taxonomy":"post_tag","embeddable":true,"href":"https:\/\/www.europesays.com\/pt\/wp-json\/wp\/v2\/tags?post=231186"}],"curies":[{"name":"wp","href":"https:\/\/api.w.org\/{rel}","templated":true}]}}