{"id":231188,"date":"2026-01-16T09:32:07","date_gmt":"2026-01-16T09:32:07","guid":{"rendered":"https:\/\/www.europesays.com\/pt\/231188\/"},"modified":"2026-01-16T09:32:07","modified_gmt":"2026-01-16T09:32:07","slug":"gravida-tem-bebe-na-casa-de-banho-do-hospital-cuf-tejo-e-tenta-desfazer-se-do-feto-na-sanita","status":"publish","type":"post","link":"https:\/\/www.europesays.com\/pt\/231188\/","title":{"rendered":"Gr\u00e1vida tem beb\u00e9 na casa de banho do hospital CUF Tejo e tenta desfazer-se do feto na sanita"},"content":{"rendered":"<p>\t                Mulher de 33 anos, de nacionalidade portuguesa e residente em Sintra, n\u00e3o ter\u00e1 informado os servi\u00e7os cl\u00ednicos de que se encontrava gr\u00e1vida e o companheiro afirmou desconhecer a gravidez<\/p>\n<p data-end=\"79\" data-start=\"0\">Uma mulher gr\u00e1vida deu \u00e0 luz um beb\u00e9 j\u00e1 sem vida na casa de banho do hospital CUF Tejo, em Lisboa, e ter\u00e1 tentado desfazer-se do corpo na sanita. Ao que a CNN Portugal apurou, a PSP foi acionada por volta das 2:30 para uma ocorr\u00eancia no interior da unidade hospitalar.<\/p>\n<p data-end=\"598\" data-start=\"321\">De acordo com a informa\u00e7\u00e3o dispon\u00edvel, a gestante deu entrada no hospital cerca da meia-noite, acompanhada pelo companheiro, queixando-se de fortes dores nas costas. Pouco tempo depois, dirigiu-se sozinha \u00e0 casa de banho. Minutos mais tarde, chamou o companheiro para a ajudar.<\/p>\n<p data-end=\"890\" data-start=\"600\">Uma m\u00e9dica e uma enfermeira deslocaram-se de imediato ao espa\u00e7o, onde encontraram o feto morto na sanita, j\u00e1 com o cord\u00e3o umbilical cortado.<\/p>\n<p data-end=\"1161\" data-start=\"892\">A mulher de 33 anos, de nacionalidade portuguesa e residente em Sintra, n\u00e3o ter\u00e1 informado os servi\u00e7os cl\u00ednicos de que se encontrava gr\u00e1vida e o companheiro afirmou desconhecer a gravidez. Atendendo ao tamanho e ao grau de forma\u00e7\u00e3o do feto, os profissionais de sa\u00fade consideram que a gesta\u00e7\u00e3o teria, pelo menos, cerca de 30 semanas.<\/p>\n<p data-end=\"1343\" data-is-last-node=\"\" data-is-only-node=\"\" data-start=\"1163\">A situa\u00e7\u00e3o foi comunicada \u00e0s autoridades e o caso transitou para a Pol\u00edcia Judici\u00e1ria, que esteve no local e abriu uma investiga\u00e7\u00e3o para apurar todas as circunst\u00e2ncias do ocorrido.<\/p>\n<p data-end=\"1343\" data-is-last-node=\"\" data-is-only-node=\"\" data-start=\"1163\">A mulher\u00a0foi transportada para a MAC e est\u00e1 sob vigil\u00e2ncia da PJ, a quem negou saber que estava gr\u00e1vida.<\/p>\n","protected":false},"excerpt":{"rendered":"Mulher de 33 anos, de nacionalidade portuguesa e residente em Sintra, n\u00e3o ter\u00e1 informado os servi\u00e7os cl\u00ednicos de&hellip;\n","protected":false},"author":2,"featured_media":231189,"comment_status":"","ping_status":"","sticky":false,"template":"","format":"standard","meta":{"footnotes":""},"categories":[10],"tags":[609,611,2557,27,28,607,608,604,44253,610,539,15,16,2611,14,603,25,26,570,21,22,606,12,13,19,20,602,32,23,24,33,44254,58,605,17,18,29,30,31],"class_list":{"0":"post-231188","1":"post","2":"type-post","3":"status-publish","4":"format-standard","5":"has-post-thumbnail","7":"category-portugal","8":"tag-alerta","9":"tag-ao-minuto","10":"tag-bebe","11":"tag-breaking-news","12":"tag-breakingnews","13":"tag-cnn","14":"tag-cnn-portugal","15":"tag-crime","16":"tag-cuf-tejo","17":"tag-direto","18":"tag-educacao","19":"tag-featured-news","20":"tag-featurednews","21":"tag-gravida","22":"tag-headlines","23":"tag-justica","24":"tag-latest-news","25":"tag-latestnews","26":"tag-live","27":"tag-main-news","28":"tag-mainnews","29":"tag-meteorologia","30":"tag-news","31":"tag-noticias","32":"tag-noticias-principais","33":"tag-noticiasprincipais","34":"tag-pais","35":"tag-portugal","36":"tag-principais-noticias","37":"tag-principaisnoticias","38":"tag-pt","39":"tag-sanita","40":"tag-sociedade","41":"tag-tempo","42":"tag-top-stories","43":"tag-topstories","44":"tag-ultimas","45":"tag-ultimas-noticias","46":"tag-ultimasnoticias"},"share_on_mastodon":{"url":"","error":"Validation failed: Text character limit of 500 exceeded"},"_links":{"self":[{"href":"https:\/\/www.europesays.com\/pt\/wp-json\/wp\/v2\/posts\/231188","targetHints":{"allow":["GET"]}}],"collection":[{"href":"https:\/\/www.europesays.com\/pt\/wp-json\/wp\/v2\/posts"}],"about":[{"href":"https:\/\/www.europesays.com\/pt\/wp-json\/wp\/v2\/types\/post"}],"author":[{"embeddable":true,"href":"https:\/\/www.europesays.com\/pt\/wp-json\/wp\/v2\/users\/2"}],"replies":[{"embeddable":true,"href":"https:\/\/www.europesays.com\/pt\/wp-json\/wp\/v2\/comments?post=231188"}],"version-history":[{"count":0,"href":"https:\/\/www.europesays.com\/pt\/wp-json\/wp\/v2\/posts\/231188\/revisions"}],"wp:featuredmedia":[{"embeddable":true,"href":"https:\/\/www.europesays.com\/pt\/wp-json\/wp\/v2\/media\/231189"}],"wp:attachment":[{"href":"https:\/\/www.europesays.com\/pt\/wp-json\/wp\/v2\/media?parent=231188"}],"wp:term":[{"taxonomy":"category","embeddable":true,"href":"https:\/\/www.europesays.com\/pt\/wp-json\/wp\/v2\/categories?post=231188"},{"taxonomy":"post_tag","embeddable":true,"href":"https:\/\/www.europesays.com\/pt\/wp-json\/wp\/v2\/tags?post=231188"}],"curies":[{"name":"wp","href":"https:\/\/api.w.org\/{rel}","templated":true}]}}