{"id":231196,"date":"2026-01-16T09:40:10","date_gmt":"2026-01-16T09:40:10","guid":{"rendered":"https:\/\/www.europesays.com\/pt\/231196\/"},"modified":"2026-01-16T09:40:10","modified_gmt":"2026-01-16T09:40:10","slug":"sc-braga-adeptos-nao-perdoam-autentica-semana-dos-horrores","status":"publish","type":"post","link":"https:\/\/www.europesays.com\/pt\/231196\/","title":{"rendered":"SC Braga: adeptos n\u00e3o perdoam aut\u00eantica semana dos horrores"},"content":{"rendered":"<p>            <img decoding=\"async\" src=\"https:\/\/www.europesays.com\/pt\/wp-content\/uploads\/2026\/01\/287b2f28-2adb-4395-bf8b-eb41792ed22a.jpg\" alt=\"Contesta\u00e7\u00e3o fez-se sentir na chegada da comitiva arsenalista de Fafe, na noite de ontem - Foto: D. R.\" height=\"574\" class=\"w-full object-contain object-top sm:h-[574px]   object-cover\"\/><\/p>\n<p>                Contesta\u00e7\u00e3o fez-se sentir na chegada da comitiva arsenalista de Fafe, na noite de ontem &#8211; Foto: D. R.<\/p>\n<p>                Contesta\u00e7\u00e3o fez-se sentir na chegada da comitiva arsenalista de Fafe, na noite de ontem &#8211; Foto: D. R.<\/p>\n<p>\n                Ao trauma da perda da Ta\u00e7a da Liga juntou-se a n\u00e3o menos marcante elimina\u00e7\u00e3o da Ta\u00e7a de Portugal. 4.\u00ba lugar no campeonato \u00e9 o m\u00ednimo exig\u00edvel. M\u00e9rito europeu\n            <\/p>\n","protected":false},"excerpt":{"rendered":"Contesta\u00e7\u00e3o fez-se sentir na chegada da comitiva arsenalista de Fafe, na noite de ontem &#8211; Foto: D. R.&hellip;\n","protected":false},"author":2,"featured_media":231197,"comment_status":"","ping_status":"","sticky":false,"template":"","format":"standard","meta":{"footnotes":""},"categories":[87],"tags":[135,32,33,134],"class_list":{"0":"post-231196","1":"post","2":"type-post","3":"status-publish","4":"format-standard","5":"has-post-thumbnail","7":"category-desporto","8":"tag-desporto","9":"tag-portugal","10":"tag-pt","11":"tag-sports"},"share_on_mastodon":{"url":"https:\/\/pubeurope.com\/@pt\/115904120344910264","error":""},"_links":{"self":[{"href":"https:\/\/www.europesays.com\/pt\/wp-json\/wp\/v2\/posts\/231196","targetHints":{"allow":["GET"]}}],"collection":[{"href":"https:\/\/www.europesays.com\/pt\/wp-json\/wp\/v2\/posts"}],"about":[{"href":"https:\/\/www.europesays.com\/pt\/wp-json\/wp\/v2\/types\/post"}],"author":[{"embeddable":true,"href":"https:\/\/www.europesays.com\/pt\/wp-json\/wp\/v2\/users\/2"}],"replies":[{"embeddable":true,"href":"https:\/\/www.europesays.com\/pt\/wp-json\/wp\/v2\/comments?post=231196"}],"version-history":[{"count":0,"href":"https:\/\/www.europesays.com\/pt\/wp-json\/wp\/v2\/posts\/231196\/revisions"}],"wp:featuredmedia":[{"embeddable":true,"href":"https:\/\/www.europesays.com\/pt\/wp-json\/wp\/v2\/media\/231197"}],"wp:attachment":[{"href":"https:\/\/www.europesays.com\/pt\/wp-json\/wp\/v2\/media?parent=231196"}],"wp:term":[{"taxonomy":"category","embeddable":true,"href":"https:\/\/www.europesays.com\/pt\/wp-json\/wp\/v2\/categories?post=231196"},{"taxonomy":"post_tag","embeddable":true,"href":"https:\/\/www.europesays.com\/pt\/wp-json\/wp\/v2\/tags?post=231196"}],"curies":[{"name":"wp","href":"https:\/\/api.w.org\/{rel}","templated":true}]}}