{"id":231210,"date":"2026-01-16T09:54:11","date_gmt":"2026-01-16T09:54:11","guid":{"rendered":"https:\/\/www.europesays.com\/pt\/231210\/"},"modified":"2026-01-16T09:54:11","modified_gmt":"2026-01-16T09:54:11","slug":"sporting-e-granada-com-acordo-total-no-pagamento-por-faye","status":"publish","type":"post","link":"https:\/\/www.europesays.com\/pt\/231210\/","title":{"rendered":"Sporting e Granada com acordo total no pagamento por Faye"},"content":{"rendered":"<p>Era o ponto que faltava para concretizar a transfer\u00eancia. O Sporting e o Granada alcan\u00e7aram um acordo total em rela\u00e7\u00e3o ao m\u00e9todo de pagamento de Faye e o jogador est\u00e1 muito perto de refor\u00e7ar os le\u00f5es, apurou o\u00a0<strong>Maisfutebol<\/strong>.<\/p>\n<p>Os verde e brancos v\u00e3o pagar 6,5 milh\u00f5es de euros com os andaluzes a ficarem com 10 por cento de uma futura venda.<\/p>\n<p>Os dois clubes trocam agora documentos e apenas depois disso o jovem senegal\u00eas vai poder viajar para Lisboa.<\/p>\n<p>Faye, de 22 anos, tem \u00e0 espera em Alvalade um contrato v\u00e1lido por quatro temporadas e meia, ou seja, at\u00e9 junho de junho de 2030.<\/p>\n","protected":false},"excerpt":{"rendered":"Era o ponto que faltava para concretizar a transfer\u00eancia. O Sporting e o Granada alcan\u00e7aram um acordo total&hellip;\n","protected":false},"author":2,"featured_media":211269,"comment_status":"","ping_status":"","sticky":false,"template":"","format":"standard","meta":{"footnotes":""},"categories":[87],"tags":[135,19867,36,46,42,32,33,47,41595,34,134,35],"class_list":{"0":"post-231210","1":"post","2":"type-post","3":"status-publish","4":"format-standard","5":"has-post-thumbnail","7":"category-desporto","8":"tag-desporto","9":"tag-granada","10":"tag-liga","11":"tag-maisfutebol","12":"tag-mercado","13":"tag-portugal","14":"tag-pt","15":"tag-pura-paixao","16":"tag-souleymane-faye","17":"tag-sporting","18":"tag-sports","19":"tag-transferencias"},"share_on_mastodon":{"url":"https:\/\/pubeurope.com\/@pt\/115904175384006583","error":""},"_links":{"self":[{"href":"https:\/\/www.europesays.com\/pt\/wp-json\/wp\/v2\/posts\/231210","targetHints":{"allow":["GET"]}}],"collection":[{"href":"https:\/\/www.europesays.com\/pt\/wp-json\/wp\/v2\/posts"}],"about":[{"href":"https:\/\/www.europesays.com\/pt\/wp-json\/wp\/v2\/types\/post"}],"author":[{"embeddable":true,"href":"https:\/\/www.europesays.com\/pt\/wp-json\/wp\/v2\/users\/2"}],"replies":[{"embeddable":true,"href":"https:\/\/www.europesays.com\/pt\/wp-json\/wp\/v2\/comments?post=231210"}],"version-history":[{"count":0,"href":"https:\/\/www.europesays.com\/pt\/wp-json\/wp\/v2\/posts\/231210\/revisions"}],"wp:featuredmedia":[{"embeddable":true,"href":"https:\/\/www.europesays.com\/pt\/wp-json\/wp\/v2\/media\/211269"}],"wp:attachment":[{"href":"https:\/\/www.europesays.com\/pt\/wp-json\/wp\/v2\/media?parent=231210"}],"wp:term":[{"taxonomy":"category","embeddable":true,"href":"https:\/\/www.europesays.com\/pt\/wp-json\/wp\/v2\/categories?post=231210"},{"taxonomy":"post_tag","embeddable":true,"href":"https:\/\/www.europesays.com\/pt\/wp-json\/wp\/v2\/tags?post=231210"}],"curies":[{"name":"wp","href":"https:\/\/api.w.org\/{rel}","templated":true}]}}