{"id":231215,"date":"2026-01-16T09:59:10","date_gmt":"2026-01-16T09:59:10","guid":{"rendered":"https:\/\/www.europesays.com\/pt\/231215\/"},"modified":"2026-01-16T09:59:10","modified_gmt":"2026-01-16T09:59:10","slug":"mobilizacao-de-tropas-nao-demove-trump-observador","status":"publish","type":"post","link":"https:\/\/www.europesays.com\/pt\/231215\/","title":{"rendered":"mobiliza\u00e7\u00e3o de tropas n\u00e3o demove Trump \u2013 Observador"},"content":{"rendered":"<p>Acompanhe o nosso <a href=\"https:\/\/observador.pt\/liveblogs\/donald-trump-diz-que-volodymyr-zelensky-esta-a-bloquear-negociacoes-de-paz\/\" rel=\"nofollow noopener\" target=\"_blank\">liveblog sobre guerra da Ucr\u00e2nia<\/a><\/p>\n<p>A porta-voz da Casa Branca advertiu esta quinta-feira que o destacamento de tropas europeias para a Gronel\u00e2ndia n\u00e3o ter\u00e1 influ\u00eancia na ambi\u00e7\u00e3o do Presidente norte-americano, Donald Trump, em rela\u00e7\u00e3o ao territ\u00f3rio aut\u00f3nomo dinamarqu\u00eas.<\/p>\n<p>\u201c<strong>N\u00e3o acredito que o envio de tropas para a Europa tenha qualquer impacto na tomada de decis\u00f5es do Presidente<\/strong>, e n\u00e3o tem impacto no seu objetivo de adquirir a Gronel\u00e2ndia\u201d, afirmou Karoline Leavitt em confer\u00eancia de imprensa.<\/p>\n<p>Os coment\u00e1rios da porta-voz surgem depois de a Dinamarca ter anunciado na quarta-feira um aumento imediato das suas for\u00e7as na Gronel\u00e2ndia, bem como a realiza\u00e7\u00e3o de exerc\u00edcios militares, num esfor\u00e7o para aliviar as preocupa\u00e7\u00f5es declaradas por Washington sobre a seguran\u00e7a do territ\u00f3rio e da regi\u00e3o do \u00c1rtico.<\/p>\n<p><strong>Fran\u00e7a, Alemanha, Su\u00e9cia, Noruega, Finl\u00e2ndia e Pa\u00edses Baixos aderiram \u00e0 iniciativa<\/strong> e v\u00e3o tamb\u00e9m enviar tropas para a Gronel\u00e2ndia, que a administra\u00e7\u00e3o norte-americana liderada por Trump cobi\u00e7a sob o pretexto de refor\u00e7ar a \u201cseguran\u00e7a nacional\u201d dos Estados Unidos e impedir que a regi\u00e3o caia na influ\u00eancia da China ou da R\u00fassia.<\/p>\n<p>Na quarta-feira, o vice-presidente norte-americano, JD Vance, e o secret\u00e1rio de Estado, Marco Rubio, receberam o ministro dos Neg\u00f3cios Estrangeiros da Dinamarca, Lars L\u00f8kke Rasmussen, e a sua hom\u00f3loga gronelandesa, Vivian Motzfeldt, na Casa Branca.<\/p>\n<p>Da reuni\u00e3o resultou a cria\u00e7\u00e3o de um grupo de trabalho que, segundo os ministros dos Neg\u00f3cios Estrangeiros de Copenhaga e de Nuuk, servir\u00e1 para resolver \u201cdesacordos\u201d com Washington.<\/p>\n<p>\u201c<strong>Foi uma boa reuni\u00e3o, e ambos os lados concordaram em estabelecer um grupo de trabalho<\/strong> composto por pessoas que continuar\u00e3o a realizar discuss\u00f5es t\u00e9cnicas sobre a aquisi\u00e7\u00e3o da Gronel\u00e2ndia\u201d, observou esta quinta-feira a porta-voz da Casa Branca.<\/p>\n<p>Karoline Leavitt referiu que as conversa\u00e7\u00f5es entre as tr\u00eas partes ocorrer\u00e3o a cada duas ou tr\u00eas semanas e insistiu que <strong>Trump \u201cdeixou muito clara a sua prioridade<\/strong>: quer que os Estados Unidos adquiram a Gronel\u00e2ndia\u201d.<\/p>\n<p>A primeira-ministra dinamarquesa vai pelo seu lado reunir-se com uma delega\u00e7\u00e3o do Congresso norte-americano que estar\u00e1 de visita a Copenhaga na sexta-feira e no s\u00e1bado, confirmou esta quinta-feira o seu gabinete \u00e0 ag\u00eancia noticiosa France-Presse (AFP).<\/p>\n<p>O chefe do executivo da Gronel\u00e2ndia, Jens-Frederik Nielsen, tamb\u00e9m estar\u00e1 presente, indicou um porta-voz do gabinete de Mette Frederiksen.<\/p>\n<p>Liderada pelo senador democrata Chris Coons, a delega\u00e7\u00e3o bipartid\u00e1ria do Congresso estar\u00e1 na capital dinamarquesa para se reunir tamb\u00e9m com l\u00edderes empresariais, figuras pol\u00edticas e membros do parlamento.<\/p>\n<p>A delega\u00e7\u00e3o norte-americana vai discutir com os seus anfitri\u00f5es dinamarqueses \u201co refor\u00e7o da seguran\u00e7a no \u00c1rtico e a consolida\u00e7\u00e3o das rela\u00e7\u00f5es comerciais\u201d, afirmou Chris Coons num comunicado de imprensa na segunda-feira.<\/p>\n<p>Numa tentativa de apaziguar Washington, Copenhaga anunciou um investimento de quase 90 mil milh\u00f5es de coroas (12 mil milh\u00f5es de euros) no refor\u00e7o da defesa do \u00c1rtico.<\/p>\n<p>Donald <strong>Trump j\u00e1 ridicularizou por\u00e9m os esfor\u00e7os dinamarqueses<\/strong>, comentando que \u201cdois tren\u00f3s puxados por c\u00e3es n\u00e3o s\u00e3o suficientes\u201d para defender o territ\u00f3rio da R\u00fassia ou da China.<\/p>\n","protected":false},"excerpt":{"rendered":"Acompanhe o nosso liveblog sobre guerra da Ucr\u00e2nia A porta-voz da Casa Branca advertiu esta quinta-feira que o&hellip;\n","protected":false},"author":2,"featured_media":231216,"comment_status":"","ping_status":"","sticky":false,"template":"","format":"standard","meta":{"footnotes":""},"categories":[50],"tags":[624,27,28,5914,4639,92,623,445,15,16,12944,14,25,26,21,22,62,12,13,19,20,23,24,17,18,29,30,31,63,64,65],"class_list":{"0":"post-231215","1":"post","2":"type-post","3":"status-publish","4":"format-standard","5":"has-post-thumbnail","7":"category-mundo","8":"tag-amu00e9rica","9":"tag-breaking-news","10":"tag-breakingnews","11":"tag-casa-branca","12":"tag-dinamarca","13":"tag-donald-trump","14":"tag-estados-unidos-da-amu00e9rica","15":"tag-europa","16":"tag-featured-news","17":"tag-featurednews","18":"tag-gronelu00e2ndia","19":"tag-headlines","20":"tag-latest-news","21":"tag-latestnews","22":"tag-main-news","23":"tag-mainnews","24":"tag-mundo","25":"tag-news","26":"tag-noticias","27":"tag-noticias-principais","28":"tag-noticiasprincipais","29":"tag-principais-noticias","30":"tag-principaisnoticias","31":"tag-top-stories","32":"tag-topstories","33":"tag-ultimas","34":"tag-ultimas-noticias","35":"tag-ultimasnoticias","36":"tag-world","37":"tag-world-news","38":"tag-worldnews"},"share_on_mastodon":{"url":"https:\/\/pubeurope.com\/@pt\/115904194941655714","error":""},"_links":{"self":[{"href":"https:\/\/www.europesays.com\/pt\/wp-json\/wp\/v2\/posts\/231215","targetHints":{"allow":["GET"]}}],"collection":[{"href":"https:\/\/www.europesays.com\/pt\/wp-json\/wp\/v2\/posts"}],"about":[{"href":"https:\/\/www.europesays.com\/pt\/wp-json\/wp\/v2\/types\/post"}],"author":[{"embeddable":true,"href":"https:\/\/www.europesays.com\/pt\/wp-json\/wp\/v2\/users\/2"}],"replies":[{"embeddable":true,"href":"https:\/\/www.europesays.com\/pt\/wp-json\/wp\/v2\/comments?post=231215"}],"version-history":[{"count":0,"href":"https:\/\/www.europesays.com\/pt\/wp-json\/wp\/v2\/posts\/231215\/revisions"}],"wp:featuredmedia":[{"embeddable":true,"href":"https:\/\/www.europesays.com\/pt\/wp-json\/wp\/v2\/media\/231216"}],"wp:attachment":[{"href":"https:\/\/www.europesays.com\/pt\/wp-json\/wp\/v2\/media?parent=231215"}],"wp:term":[{"taxonomy":"category","embeddable":true,"href":"https:\/\/www.europesays.com\/pt\/wp-json\/wp\/v2\/categories?post=231215"},{"taxonomy":"post_tag","embeddable":true,"href":"https:\/\/www.europesays.com\/pt\/wp-json\/wp\/v2\/tags?post=231215"}],"curies":[{"name":"wp","href":"https:\/\/api.w.org\/{rel}","templated":true}]}}