{"id":231221,"date":"2026-01-16T10:08:06","date_gmt":"2026-01-16T10:08:06","guid":{"rendered":"https:\/\/www.europesays.com\/pt\/231221\/"},"modified":"2026-01-16T10:08:06","modified_gmt":"2026-01-16T10:08:06","slug":"bruno-fernandes-com-futuro-esclarecido-no-manchester-united","status":"publish","type":"post","link":"https:\/\/www.europesays.com\/pt\/231221\/","title":{"rendered":"Bruno Fernandes com futuro esclarecido no Manchester United"},"content":{"rendered":"<p>&#8211; Advertisement &#8211;<\/p>\n<p><strong>Bruno Fernandes n\u00e3o vai deixar o Manchester United neste mercado de transfer\u00eancias de inverno, mantendo-se no clube.<\/strong><\/p>\n<p>Bruno Fernandes decidiu que se vai manter no Manchester United pelo menos at\u00e9 ao mercado de ver\u00e3o. A informa\u00e7\u00e3o est\u00e1 a ser avan\u00e7ada pela BBC. O jogador prepara-se assim para ficar no Old Trafford por pelo menos mais seis meses, numa fase em que rumores colocam o m\u00e9dio fora da equipa.<\/p>\n<p>O jogador \u00e9 o atual capit\u00e3o do Manchester United e tem 31 anos. O seu contrato com os red devils \u00e9 v\u00e1lido at\u00e9 ao ver\u00e3o de 2027 e somente poder\u00e1 negociar com outro emblema daqui a um ano.<\/p>\n<p>Bruno Fernandes soma esta \u00e9poca um total de 20 encontros, com cinco golos e nove assist\u00eancias. <a href=\"https:\/\/bolanarede.pt\/especial-bola-na-rede\/atualidade\/bruno-fernandes-e-carlos-fernandes-estiveram-reunidos-depois-do-despedimento-de-ruben-amorim\/\" target=\"_blank\" rel=\"noreferrer noopener nofollow\">O jogador foi \u2018apanhado\u2019 a tomar caf\u00e9 com Carlos Fernandes<\/a>, depois do despedimento de Ruben Amorim, o que adensou as not\u00edcias de uma poss\u00edvel sa\u00edda do m\u00e9dio ofensivo. <\/p>\n","protected":false},"excerpt":{"rendered":"&#8211; Advertisement &#8211; Bruno Fernandes n\u00e3o vai deixar o Manchester United neste mercado de transfer\u00eancias de inverno, mantendo-se&hellip;\n","protected":false},"author":2,"featured_media":231222,"comment_status":"","ping_status":"","sticky":false,"template":"","format":"standard","meta":{"footnotes":""},"categories":[87],"tags":[260,135,32,33,134],"class_list":{"0":"post-231221","1":"post","2":"type-post","3":"status-publish","4":"format-standard","5":"has-post-thumbnail","7":"category-desporto","8":"tag-atualidade","9":"tag-desporto","10":"tag-portugal","11":"tag-pt","12":"tag-sports"},"share_on_mastodon":{"url":"https:\/\/pubeurope.com\/@pt\/115904230517800107","error":""},"_links":{"self":[{"href":"https:\/\/www.europesays.com\/pt\/wp-json\/wp\/v2\/posts\/231221","targetHints":{"allow":["GET"]}}],"collection":[{"href":"https:\/\/www.europesays.com\/pt\/wp-json\/wp\/v2\/posts"}],"about":[{"href":"https:\/\/www.europesays.com\/pt\/wp-json\/wp\/v2\/types\/post"}],"author":[{"embeddable":true,"href":"https:\/\/www.europesays.com\/pt\/wp-json\/wp\/v2\/users\/2"}],"replies":[{"embeddable":true,"href":"https:\/\/www.europesays.com\/pt\/wp-json\/wp\/v2\/comments?post=231221"}],"version-history":[{"count":0,"href":"https:\/\/www.europesays.com\/pt\/wp-json\/wp\/v2\/posts\/231221\/revisions"}],"wp:featuredmedia":[{"embeddable":true,"href":"https:\/\/www.europesays.com\/pt\/wp-json\/wp\/v2\/media\/231222"}],"wp:attachment":[{"href":"https:\/\/www.europesays.com\/pt\/wp-json\/wp\/v2\/media?parent=231221"}],"wp:term":[{"taxonomy":"category","embeddable":true,"href":"https:\/\/www.europesays.com\/pt\/wp-json\/wp\/v2\/categories?post=231221"},{"taxonomy":"post_tag","embeddable":true,"href":"https:\/\/www.europesays.com\/pt\/wp-json\/wp\/v2\/tags?post=231221"}],"curies":[{"name":"wp","href":"https:\/\/api.w.org\/{rel}","templated":true}]}}