{"id":231225,"date":"2026-01-16T10:11:04","date_gmt":"2026-01-16T10:11:04","guid":{"rendered":"https:\/\/www.europesays.com\/pt\/231225\/"},"modified":"2026-01-16T10:11:04","modified_gmt":"2026-01-16T10:11:04","slug":"youtube-amplia-ferramentas-de-controlo-parental-para-contas-de-adolescentes","status":"publish","type":"post","link":"https:\/\/www.europesays.com\/pt\/231225\/","title":{"rendered":"YouTube amplia ferramentas de controlo parental para contas de adolescentes"},"content":{"rendered":"<p><strong>As novas funcionalidades visam dar aos pais maior controlo sobre a experi\u00eancia de visualiza\u00e7\u00e3o dos jovens, incluindo ferramentas in\u00e9ditas para gerir o tempo passado a consumir v\u00eddeos curtos na plataforma.<\/strong><\/p>\n<p>O YouTube anunciou a expans\u00e3o dos seus controlos parentais em Portugal e noutros pa\u00edses, juntamente com a introdu\u00e7\u00e3o de novos princ\u00edpios de qualidade para o conte\u00fado recomendado a adolescentes.<\/p>\n<p>Segundo o servi\u00e7o de streaming, em comunicado enviado \u00e0s reda\u00e7\u00f5es, os pais passam a poder definir a quantidade de tempo que os adolescentes podem passar a percorrer o feed de \u201cShorts\u201d, incluindo a possibilidade de estabelecer o limite em zero minutos.<\/p>\n<p>Esta op\u00e7\u00e3o permite, por exemplo, restringir o acesso ao feed de v\u00eddeos curtos em momentos dedicados aos trabalhos escolares ou ajust\u00e1-lo em contextos espec\u00edficos, como viagens mais longas. Os pais poder\u00e3o ainda configurar lembretes personalizados de \u201cHora de dormir\u201d e \u201cFazer uma pausa\u201d, com base nas prote\u00e7\u00f5es de bem-estar j\u00e1 existentes para adolescentes.<\/p>\n<p>Outra das novidades anunciadas prende-se com a simplifica\u00e7\u00e3o do processo de cria\u00e7\u00e3o e gest\u00e3o de contas. O YouTube passa a permitir configurar uma conta de crian\u00e7a ou adolescente e alternar entre perfis familiares na aplica\u00e7\u00e3o m\u00f3vel com apenas alguns cliques, facilitando o acesso a experi\u00eancias de visualiza\u00e7\u00e3o adequadas \u00e0 idade de cada utilizador.<\/p>\n<p>Em paralelo, a plataforma revelou novos princ\u00edpios de qualidade para conte\u00fados destinados a adolescentes, desenvolvidos em colabora\u00e7\u00e3o com o Center for Scholars &amp; Storytellers da UCLA e apoiados por especialistas da University College London, da American Psychological Association e do Boston Children\u2019s Hospital. Estes princ\u00edpios v\u00e3o orientar o sistema de recomenda\u00e7\u00e3o do YouTube, promovendo conte\u00fados considerados adequados \u00e0 idade, informativos e enriquecedores, de criadores internacionais selecionados.<\/p>\n<p>Dr. Garth Graham, Global Head of YouTube Health, afirmou que \u201cacreditamos na prote\u00e7\u00e3o das crian\u00e7as no mundo digital, e n\u00e3o do mundo digital\u201d, sublinhando a import\u00e2ncia de disponibilizar ferramentas eficazes que permitam aos pais definir regras para as experi\u00eancias online das suas fam\u00edlias.<\/p>\n<p>De acordo com um novo estudo citado pela plataforma, 77% dos pais da Uni\u00e3o Europeia que utilizam contas supervisionadas do YouTube consideram que o conte\u00fado visualizado pelas crian\u00e7as e adolescentes \u00e9 adequado \u00e0 idade, enquanto 73% afirmam que estas ferramentas lhes d\u00e3o maior confian\u00e7a num ambiente digital mais seguro.<\/p>\n<p>Em conjunto com os novos princ\u00edpios de qualidade, o YouTube lan\u00e7ou tamb\u00e9m um guia para criadores, desenvolvido com o Comit\u00e9 Consultivo de Jovens e Fam\u00edlias da plataforma e apoiado pela Save the Children International. Rebecca Smith, Global Head of Child Protection da organiza\u00e7\u00e3o, destacou que o guia pretende dotar os criadores de conhecimento e ferramentas para promover experi\u00eancias digitais mais seguras e informadas.<\/p>\n<p>O professor Peter Fonagy, respons\u00e1vel pela Divis\u00e3o de Psicologia e Ci\u00eancias da Linguagem da University College London, sublinhou que o conte\u00fado online pode ter impactos positivos e negativos na sa\u00fade mental dos jovens, considerando que os novos princ\u00edpios oferecem um enquadramento pr\u00e1tico e baseado em investiga\u00e7\u00e3o para a cria\u00e7\u00e3o de v\u00eddeos adequados ao desenvolvimento dos adolescentes.<\/p>\n","protected":false},"excerpt":{"rendered":"As novas funcionalidades visam dar aos pais maior controlo sobre a experi\u00eancia de visualiza\u00e7\u00e3o dos jovens, incluindo ferramentas&hellip;\n","protected":false},"author":2,"featured_media":231226,"comment_status":"","ping_status":"","sticky":false,"template":"","format":"standard","meta":{"footnotes":""},"categories":[84],"tags":[109,107,108,32,33,105,103,104,106,110],"class_list":{"0":"post-231225","1":"post","2":"type-post","3":"status-publish","4":"format-standard","5":"has-post-thumbnail","7":"category-ciencia-e-tecnologia","8":"tag-ciencia","9":"tag-ciencia-e-tecnologia","10":"tag-cienciaetecnologia","11":"tag-portugal","12":"tag-pt","13":"tag-science","14":"tag-science-and-technology","15":"tag-scienceandtechnology","16":"tag-technology","17":"tag-tecnologia"},"share_on_mastodon":{"url":"https:\/\/pubeurope.com\/@pt\/115904242245552164","error":""},"_links":{"self":[{"href":"https:\/\/www.europesays.com\/pt\/wp-json\/wp\/v2\/posts\/231225","targetHints":{"allow":["GET"]}}],"collection":[{"href":"https:\/\/www.europesays.com\/pt\/wp-json\/wp\/v2\/posts"}],"about":[{"href":"https:\/\/www.europesays.com\/pt\/wp-json\/wp\/v2\/types\/post"}],"author":[{"embeddable":true,"href":"https:\/\/www.europesays.com\/pt\/wp-json\/wp\/v2\/users\/2"}],"replies":[{"embeddable":true,"href":"https:\/\/www.europesays.com\/pt\/wp-json\/wp\/v2\/comments?post=231225"}],"version-history":[{"count":0,"href":"https:\/\/www.europesays.com\/pt\/wp-json\/wp\/v2\/posts\/231225\/revisions"}],"wp:featuredmedia":[{"embeddable":true,"href":"https:\/\/www.europesays.com\/pt\/wp-json\/wp\/v2\/media\/231226"}],"wp:attachment":[{"href":"https:\/\/www.europesays.com\/pt\/wp-json\/wp\/v2\/media?parent=231225"}],"wp:term":[{"taxonomy":"category","embeddable":true,"href":"https:\/\/www.europesays.com\/pt\/wp-json\/wp\/v2\/categories?post=231225"},{"taxonomy":"post_tag","embeddable":true,"href":"https:\/\/www.europesays.com\/pt\/wp-json\/wp\/v2\/tags?post=231225"}],"curies":[{"name":"wp","href":"https:\/\/api.w.org\/{rel}","templated":true}]}}