{"id":231239,"date":"2026-01-16T10:27:14","date_gmt":"2026-01-16T10:27:14","guid":{"rendered":"https:\/\/www.europesays.com\/pt\/231239\/"},"modified":"2026-01-16T10:27:14","modified_gmt":"2026-01-16T10:27:14","slug":"um-gesto-maravilhoso-corina-machado-deu-medalha-do-premio-nobel-a-trump","status":"publish","type":"post","link":"https:\/\/www.europesays.com\/pt\/231239\/","title":{"rendered":"&#8220;Um gesto maravilhoso&#8221;. Corina Machado deu medalha do pr\u00e9mio Nobel a Trump"},"content":{"rendered":"<p>&#13;<br \/>\nNuma publica\u00e7\u00e3o na rede social que det\u00e9m, a Truth Social, Trump disse esta sexta-feira que foi &#8220;uma grande honra&#8221; conhecer Mar\u00eda Corina Machado e que a venezuelana lhe ofereceu a medalha devido ao trabalho que realizou durante o atual mandato.<\/p>\n<p>\u201cFoi uma grande honra conhecer Mar\u00eda Corina Machado, da Venezuela\u201d, escreveu o presidente.<\/p>\n<p>\u201cEla \u00e9 uma mulher maravilhosa que passou por muito. <b>Mar\u00eda presenteou-me com o seu Pr\u00e9mio Nobel da Paz pelo trabalho que eu fiz. Um gesto maravilhoso de respeito m\u00fatuo.<\/b> Obrigado, Mar\u00eda\u201d, acrescentou.<br \/>&#13;\n<\/p>\n<p>\nCorina Machado explicou que o gesto remete aos la\u00e7os hist\u00f3ricos entre os Estados Unidos e a Venezuela e visa reconhecer o que classificou de &#8220;compromisso singular de Trump&#8221; com a liberdade da Venezuela, segundo o\u00a0New York Times.<\/p>\n<p>&#13;<br \/>\nO Instituto Nobel da Noruega j\u00e1 tinha esclarecido\u00a0este m\u00eas que Mar\u00eda Corina Machado n\u00e3o podia doar o Nobel da Paz ao presidente dos Estados Unidos, como afirmou ser sua inten\u00e7\u00e3o, nem a qualquer outra pessoa.&#13;\n<\/p>\n<p>&#13;<br \/>\n<b>&#8220;Uma vez anunciado, o Pr\u00e9mio Nobel da Paz n\u00e3o pode ser revogado, transferido ou partilhado com terceiros&#8221;,<\/b> afirmou o instituto num\u00a0 comunicado a 10 de janeiro.&#13;\n<\/p>\n<p>&#13;<br \/>\n&#8220;A decis\u00e3o \u00e9 final e irrevog\u00e1vel&#8221;, acrescentou.&#13;\n<\/p>\n<p>&#13;<br \/>\nMar\u00eda Corina Machado tinha afirmado que gostaria de entregar ou partilhar o pr\u00e9mio com Trump, que ordenou a opera\u00e7\u00e3o militar dos Estados Unidos que levou \u00e0 captura do presidente venezuelano, Nicol\u00e1s Maduro, e da mulher, Cilia Flores.&#13;\n<\/p>\n<p>&#13;<br \/>\nAmbos foram transportados para Nova Iorque, onde enfrentam acusa\u00e7\u00f5es de quatro crimes federais, incluindo de conspira\u00e7\u00e3o para narcoterrorismo.Trump continua a considerar que Corina n\u00e3o pode liderar Venezuela<br \/>&#13;<br \/>\nCorina Machado almo\u00e7ou com Donald Trump na Casa Branca, menos de duas semanas ap\u00f3s a opera\u00e7\u00e3o militar que culminou na deten\u00e7\u00e3o de Maduro. &#13;\n<\/p>\n<p>&#13;<br \/>\nA l\u00edder da oposi\u00e7\u00e3o venezuelana entrou\u00a0na resid\u00eancia presidencial dos Estados Unidos por uma porta lateral, em vez da entrada principal, reservada para chefes de Estado e altas autoridades, e n\u00e3o respondeu \u00e0s perguntas da imprensa \u00e0 chegada.&#13;\n<\/p>\n<p>&#13;<br \/>\nFoi o primeiro encontro entre os dois e foi fechado \u00e0 imprensa.&#13;\n<\/p>\n<p>&#13;<br \/>\nAp\u00f3s o encontro, a\u00a0venezuelana cumprimentou apoiantes e <b>seguiu para\u00a0o Capit\u00f3lio, onde se reuniu com membros do Congresso<\/b>.&#13;\n<\/p>\n<p>&#13;<br \/>\nApesar dos elogios a Trump, a porta-voz da Casa Branca esclareceu &#8211; enquanto o encontro ainda decorria &#8211; que <b>o presidente norte-americano\u00a0mant\u00e9m a\u00a0opini\u00e3o de que\u00a0Mar\u00eda Corina Machado\u00a0n\u00e3o tem apoio suficiente no pa\u00eds<\/b> para liderar uma transi\u00e7\u00e3o na Venezuela.&#13;\n<\/p>\n<p>&#13;<br \/>\nKaroline Leavitt insistiu que o Governo venezuelano, atualmente liderado de forma interina por Delcy Rodr\u00edguez, est\u00e1 a fazer um bom trabalho ao cumprir as exig\u00eancias de Washington, sobretudo em rela\u00e7\u00e3o ao petr\u00f3leo.&#13;\n<\/p>\n<p>&#13;<br \/>\nc\/ Lusa&#13;<\/p>\n","protected":false},"excerpt":{"rendered":"&#13; Numa publica\u00e7\u00e3o na rede social que det\u00e9m, a Truth Social, Trump disse esta sexta-feira que foi &#8220;uma&hellip;\n","protected":false},"author":2,"featured_media":231240,"comment_status":"","ping_status":"","sticky":false,"template":"","format":"standard","meta":{"footnotes":""},"categories":[50],"tags":[27,28,44257,15,16,14,25,26,21,22,29493,62,12,11311,13,19,20,23,24,17,18,29,30,31,63,64,65],"class_list":{"0":"post-231239","1":"post","2":"type-post","3":"status-publish","4":"format-standard","5":"has-post-thumbnail","7":"category-mundo","8":"tag-breaking-news","9":"tag-breakingnews","10":"tag-donald-trumo","11":"tag-featured-news","12":"tag-featurednews","13":"tag-headlines","14":"tag-latest-news","15":"tag-latestnews","16":"tag-main-news","17":"tag-mainnews","18":"tag-maria-corina-machado","19":"tag-mundo","20":"tag-news","21":"tag-nobel","22":"tag-noticias","23":"tag-noticias-principais","24":"tag-noticiasprincipais","25":"tag-principais-noticias","26":"tag-principaisnoticias","27":"tag-top-stories","28":"tag-topstories","29":"tag-ultimas","30":"tag-ultimas-noticias","31":"tag-ultimasnoticias","32":"tag-world","33":"tag-world-news","34":"tag-worldnews"},"share_on_mastodon":{"url":"https:\/\/pubeurope.com\/@pt\/115904305123800813","error":""},"_links":{"self":[{"href":"https:\/\/www.europesays.com\/pt\/wp-json\/wp\/v2\/posts\/231239","targetHints":{"allow":["GET"]}}],"collection":[{"href":"https:\/\/www.europesays.com\/pt\/wp-json\/wp\/v2\/posts"}],"about":[{"href":"https:\/\/www.europesays.com\/pt\/wp-json\/wp\/v2\/types\/post"}],"author":[{"embeddable":true,"href":"https:\/\/www.europesays.com\/pt\/wp-json\/wp\/v2\/users\/2"}],"replies":[{"embeddable":true,"href":"https:\/\/www.europesays.com\/pt\/wp-json\/wp\/v2\/comments?post=231239"}],"version-history":[{"count":0,"href":"https:\/\/www.europesays.com\/pt\/wp-json\/wp\/v2\/posts\/231239\/revisions"}],"wp:featuredmedia":[{"embeddable":true,"href":"https:\/\/www.europesays.com\/pt\/wp-json\/wp\/v2\/media\/231240"}],"wp:attachment":[{"href":"https:\/\/www.europesays.com\/pt\/wp-json\/wp\/v2\/media?parent=231239"}],"wp:term":[{"taxonomy":"category","embeddable":true,"href":"https:\/\/www.europesays.com\/pt\/wp-json\/wp\/v2\/categories?post=231239"},{"taxonomy":"post_tag","embeddable":true,"href":"https:\/\/www.europesays.com\/pt\/wp-json\/wp\/v2\/tags?post=231239"}],"curies":[{"name":"wp","href":"https:\/\/api.w.org\/{rel}","templated":true}]}}