{"id":231242,"date":"2026-01-16T10:30:09","date_gmt":"2026-01-16T10:30:09","guid":{"rendered":"https:\/\/www.europesays.com\/pt\/231242\/"},"modified":"2026-01-16T10:30:09","modified_gmt":"2026-01-16T10:30:09","slug":"alberto-cowboy-inaugura-quarto-do-lider-do-bbb-26-gshow","status":"publish","type":"post","link":"https:\/\/www.europesays.com\/pt\/231242\/","title":{"rendered":"Alberto Cowboy inaugura Quarto do L\u00edder do BBB 26 &#8211; Gshow"},"content":{"rendered":"<ol>\n<li><a href=\"https:\/\/news.google.com\/rss\/articles\/CBMiwAFBVV95cUxNZTZWbnhqTWJQU2hMblM4dEF0UkdNQTZYV0VhRVNNZHdWSDlKZF8yWHBGcGZFXzRScXVvcGpuWXBDbXdXYkduSHBXbjlDZUl1ZENpNmJQM000YnRoRVJPbWhuUzNmaUdvU1ZoT3Y5Ty1tQzBFUTBZMS0yM2p3WDRKTnNvY3JhZHBvc1NiQTRhekVMQVdiZDI1UHI4cEhvaG9obU84S045R2RqdUd5bDltUUxyYmx5cDZWODFSak5NaXbSAc8BQVVfeXFMUDFKTGFLYzFmclhPNGtudlNrbFRaeXRqOGVJZDNCT1E4YzRoWWJLOFNHc2F1bzBZN0lDM2ptVzhpb3N5UEZEeGJ0NURvT3lqWWpOekJvVzE1SC1ISEhVVndDYUNScEdlUnVXc21VbHZSLTFTMTRxdzByUnMzWmhYa0VpdFpkckRHeHRvNHdRTVgzWEdjT1lpaUx0OUZxNksxXzE2ejVnTXRsMkhEQmJtVkF6bjc3N1cwT2VrUWRoZGpYWkNQMWxobjZ1T2RnSFpN?oc=5\" target=\"_blank\" rel=\"nofollow noopener\">Alberto Cowboy inaugura Quarto do L\u00edder do BBB 26<\/a>&nbsp;&nbsp;Gshow<\/li>\n<li><a href=\"https:\/\/news.google.com\/rss\/articles\/CBMihgJBVV95cUxNeGxLMHRkSXNEQTV4X1hKd2NieThJRDNTZzc5c1ZCQmlzS1ZoTlNWc05GQ1FMblM2dG02VTFHUV85U185ZEFiUWxNUXdqU2ItNWdOUkdGM1k3ZkhzR0tuT3drNUNralBjZE5QaU9sUk5nZ3gxZ1VkbEszdlVQTm9hSENpTWNUR2FXR3QxcC1iLXNhTDkzdmRsUm1rckw1ODlHNk4ydXJSUDkzQzd1ZGNrSFk3U09SVW9ZRXhBWnpDOUVxUUlFMko3TVI0TW9iQjRnOE9ENVUwMkxXYXVHRmtVNXg0WG16bVFuVXJzQ19OVjU0dmdhR1RJa2ZrX2xPRHJvcmMwbjFR0gGUAkFVX3lxTE82eDRSb2czXzdEdmwydGF6N2toQU5IcXA1endpbkpDWFNESkxpanA0X18tSnhvbTRyeVBZanh3R1FzR05MSW42YjdDTW9BYmllamhqOFpya00tQU50eFhqa01HV21QZWJrV1YzVF9fMmtlQ2pmNVNrUEh4UVdmWVk4Q2hBWWFRRWgwTmZCRzRQTU0tZlduaGg5N0Fsa2UzOVl0WUNqQkxPVHZuVTFqWTA2ckRhcFlyQkw5bEFkZFVKR2Zvc0ZScDZDUkxuUmhxY3NrU0tvMDQ1azBLLWNqcUkxbzg3WUNTc24xTjJvMGR0MXg3SG8wak9sUUExZVlsSDRUSk9FVGUtYXgzOGhKdm5iZGF0TA?oc=5\" target=\"_blank\" rel=\"nofollow noopener\">L\u00edder Alberto Cowboy faz divis\u00e3o entre VIP e Xepa no BBB 26; saiba como ficou a casa ap\u00f3s 1\u00aa lideran\u00e7a<\/a>&nbsp;&nbsp;Gshow<\/li>\n<li><a href=\"https:\/\/news.google.com\/rss\/articles\/CBMiwwFBVV95cUxQZHZibnljMlQ1YVZxdFdsa0M0TEtULVZxTTJrRDAwLVJZb2IyWGQyT3dzbjN0MUNabGFzUmFHTzcweEEwMGt0OXdIVlM0V3VvYy1oa0ViOFBXVWM4dnlOSWxKX3JJRXFJUWhOTVZkQlBkOTJYeFZsSkNVZ05UYzM0VDJ1QndodDZIbHhXc1BjUmJpS1duNU44QmtMSElxcmlKVEo4dGJVOXJ6aFJOYlR5YlRELURQSnhTaFU5NEtNMHUzMlU?oc=5\" target=\"_blank\" rel=\"nofollow noopener\">Esposa de Alberto Cowboy se pronuncia sobre cantada de Ana Paula no BBB 26<\/a>&nbsp;&nbsp;UOL<\/li>\n<li><a href=\"https:\/\/news.google.com\/rss\/articles\/CBMiqgFBVV95cUxPLUVjU2g4OHRYZmhYT2tDR09iUDZpYXZySVlIVl9fRHpqVlpYYVpUSlhOVHQwa3gyUTBwNGRiZ1FVaHk4N0xYUXk1MnY2Z2lQS21DTGd2T1VTUWdNck0wX2hwYk40QUpBcU1pVFFvY0dWNElVZDlEY1M1aU1Zd2d2TjVQS1hKX0tvV1FkZXVkSF9reExJUm5ScmFMa2MxaHhGUmtoMGVBS0NWUQ?oc=5\" target=\"_blank\" rel=\"nofollow noopener\">BBB 26: Cowboy surpreende ao convidar sisters para o Quarto do L\u00edder<\/a>&nbsp;&nbsp;CARAS Brasil<\/li>\n<li><a href=\"https:\/\/news.google.com\/rss\/articles\/CBMisAJBVV95cUxQbjBwNmFjWDlBbXEwVTI0LVNBaC16YzIwX1hPbzJiaW5MQktoY1FVd1ltaXNpSlpMOWl4Y09nSmpNc0ZweEZNa1RDcEozT1E4dzJsVGFhVGtDaDlQOHQtaWg4VFBtSDk1Y0tjM21vd0haSUJkYUdfaUUxYlQ1b013UHJtS3FhYTZoak5aRzBHV3hpcUd6SGtKcHZsUW81RGlJLXYzMHN0bWI1QVdoQ1p6akZEdEFwaXRtdlkwZFdWQUhSbEo5Q09ORHRVSzBUMXViY094OFAtREdDdjZKa3FGYjh5X1l1MDhmeWtrQ3FfV2RWVnQ3RXlMX2Zma29pMWVrR1A1dHJ2UGdlRzNaSVZYMHJRVmxQZDZfUWEzczlsbENfcmRiYmgySEpNTHlZdXFK?oc=5\" target=\"_blank\" rel=\"nofollow noopener\">Pode shippar Ana Paula e Alberto Cowboy no &#8216;BBB 26&#8217;? A curiosa resposta da esposa do brother sobre &#8216;fanfic&#8217; no game<\/a>&nbsp;&nbsp;Terra<\/li>\n<\/ol>\n","protected":false},"excerpt":{"rendered":"Alberto Cowboy inaugura Quarto do L\u00edder do BBB 26&nbsp;&nbsp;Gshow L\u00edder Alberto Cowboy faz divis\u00e3o entre VIP e Xepa&hellip;\n","protected":false},"author":2,"featured_media":231243,"comment_status":"","ping_status":"","sticky":false,"template":"","format":"standard","meta":{"footnotes":""},"categories":[145],"tags":[211,210,114,115,32,33],"class_list":{"0":"post-231242","1":"post","2":"type-post","3":"status-publish","4":"format-standard","5":"has-post-thumbnail","7":"category-celebridades","8":"tag-celebridades","9":"tag-celebrities","10":"tag-entertainment","11":"tag-entretenimento","12":"tag-portugal","13":"tag-pt"},"share_on_mastodon":{"url":"https:\/\/pubeurope.com\/@pt\/115904316880507626","error":""},"_links":{"self":[{"href":"https:\/\/www.europesays.com\/pt\/wp-json\/wp\/v2\/posts\/231242","targetHints":{"allow":["GET"]}}],"collection":[{"href":"https:\/\/www.europesays.com\/pt\/wp-json\/wp\/v2\/posts"}],"about":[{"href":"https:\/\/www.europesays.com\/pt\/wp-json\/wp\/v2\/types\/post"}],"author":[{"embeddable":true,"href":"https:\/\/www.europesays.com\/pt\/wp-json\/wp\/v2\/users\/2"}],"replies":[{"embeddable":true,"href":"https:\/\/www.europesays.com\/pt\/wp-json\/wp\/v2\/comments?post=231242"}],"version-history":[{"count":0,"href":"https:\/\/www.europesays.com\/pt\/wp-json\/wp\/v2\/posts\/231242\/revisions"}],"wp:featuredmedia":[{"embeddable":true,"href":"https:\/\/www.europesays.com\/pt\/wp-json\/wp\/v2\/media\/231243"}],"wp:attachment":[{"href":"https:\/\/www.europesays.com\/pt\/wp-json\/wp\/v2\/media?parent=231242"}],"wp:term":[{"taxonomy":"category","embeddable":true,"href":"https:\/\/www.europesays.com\/pt\/wp-json\/wp\/v2\/categories?post=231242"},{"taxonomy":"post_tag","embeddable":true,"href":"https:\/\/www.europesays.com\/pt\/wp-json\/wp\/v2\/tags?post=231242"}],"curies":[{"name":"wp","href":"https:\/\/api.w.org\/{rel}","templated":true}]}}