{"id":231251,"date":"2026-01-16T10:41:26","date_gmt":"2026-01-16T10:41:26","guid":{"rendered":"https:\/\/www.europesays.com\/pt\/231251\/"},"modified":"2026-01-16T10:41:26","modified_gmt":"2026-01-16T10:41:26","slug":"brasil-e-portugal-querem-acelerar-acordo-mercosul-uniao-europeia","status":"publish","type":"post","link":"https:\/\/www.europesays.com\/pt\/231251\/","title":{"rendered":"Brasil e Portugal querem acelerar acordo Mercosul-Uni\u00e3o Europeia"},"content":{"rendered":"<p>O presidente Luiz In\u00e1cio Lula da Silva conversou nesta Ter\u00e7a-feira, 13, com o primeiro-ministro de Portugal, Lu\u00eds Montenegro para aprova\u00e7\u00e3o do acordo comercial entre Uni\u00e3o Europeia e Mercosul, que deve ser assinado no pr\u00f3ximo dia 17, no Paraguai.<\/p>\n<p>Segundo comunicado do Pal\u00e1cio do Planalto, os dois l\u00edderes manifestaram satisfa\u00e7\u00e3o com aprova\u00e7\u00e3o do documento, o novo tratado, que demorou 25 anos para ter suas negocia\u00e7\u00f5es conclu\u00eddas, ainda precisa passar por um processo de internaliza\u00e7\u00e3o dos pa\u00edses signat\u00e1rios.<\/p>\n<p>Os governantes destacaram a import\u00e2ncia de resultados concretos para as popula\u00e7\u00f5es que visa uma implementa\u00e7\u00e3o r\u00e1pida e eficiente das novas regras tarif\u00e1rias e de coopera\u00e7\u00e3o pol\u00edtica.<\/p>\n<p>\u201cAmbos coincidiram que a decis\u00e3o dos dois blocos \u00e9 um gesto muito importante de defesa do multilateralismo e do livre com\u00e9rcio, com grande dimens\u00e3o pol\u00edtica e estrat\u00e9gica neste momento hist\u00f3rico\u201d, informou a Presid\u00eancia da Rep\u00fablica brasileira, em comunicado a que a FORBES \u00c1FRICA LUS\u00d3FONA teve acesso.<\/p>\n<p>Os dirigentes concordaram em trabalhar conjuntamente, de forma r\u00e1pida e eficiente, para a implementa\u00e7\u00e3o do acordo a fim de que as popula\u00e7\u00f5es possam ver resultados concretos da parceria firmada.<\/p>\n<p>Lula e Montenegro tamb\u00e9m discutiram a necessidade que as novas regras possam entrar em vigor o mais r\u00e1pido poss\u00edvel, trocaram impress\u00f5es sobre a situa\u00e7\u00e3o na Venezuela e destacaram a necessidade de se evitar um cen\u00e1rio de instabilidade na Am\u00e9rica do Sul.<\/p>\n","protected":false},"excerpt":{"rendered":"O presidente Luiz In\u00e1cio Lula da Silva conversou nesta Ter\u00e7a-feira, 13, com o primeiro-ministro de Portugal, Lu\u00eds Montenegro&hellip;\n","protected":false},"author":2,"featured_media":231252,"comment_status":"","ping_status":"","sticky":false,"template":"","format":"standard","meta":{"footnotes":""},"categories":[50],"tags":[27,28,15,16,14,25,26,21,22,62,12,13,19,20,23,24,17,18,29,30,31,63,64,65],"class_list":{"0":"post-231251","1":"post","2":"type-post","3":"status-publish","4":"format-standard","5":"has-post-thumbnail","7":"category-mundo","8":"tag-breaking-news","9":"tag-breakingnews","10":"tag-featured-news","11":"tag-featurednews","12":"tag-headlines","13":"tag-latest-news","14":"tag-latestnews","15":"tag-main-news","16":"tag-mainnews","17":"tag-mundo","18":"tag-news","19":"tag-noticias","20":"tag-noticias-principais","21":"tag-noticiasprincipais","22":"tag-principais-noticias","23":"tag-principaisnoticias","24":"tag-top-stories","25":"tag-topstories","26":"tag-ultimas","27":"tag-ultimas-noticias","28":"tag-ultimasnoticias","29":"tag-world","30":"tag-world-news","31":"tag-worldnews"},"share_on_mastodon":{"url":"https:\/\/pubeurope.com\/@pt\/115904360177597064","error":""},"_links":{"self":[{"href":"https:\/\/www.europesays.com\/pt\/wp-json\/wp\/v2\/posts\/231251","targetHints":{"allow":["GET"]}}],"collection":[{"href":"https:\/\/www.europesays.com\/pt\/wp-json\/wp\/v2\/posts"}],"about":[{"href":"https:\/\/www.europesays.com\/pt\/wp-json\/wp\/v2\/types\/post"}],"author":[{"embeddable":true,"href":"https:\/\/www.europesays.com\/pt\/wp-json\/wp\/v2\/users\/2"}],"replies":[{"embeddable":true,"href":"https:\/\/www.europesays.com\/pt\/wp-json\/wp\/v2\/comments?post=231251"}],"version-history":[{"count":0,"href":"https:\/\/www.europesays.com\/pt\/wp-json\/wp\/v2\/posts\/231251\/revisions"}],"wp:featuredmedia":[{"embeddable":true,"href":"https:\/\/www.europesays.com\/pt\/wp-json\/wp\/v2\/media\/231252"}],"wp:attachment":[{"href":"https:\/\/www.europesays.com\/pt\/wp-json\/wp\/v2\/media?parent=231251"}],"wp:term":[{"taxonomy":"category","embeddable":true,"href":"https:\/\/www.europesays.com\/pt\/wp-json\/wp\/v2\/categories?post=231251"},{"taxonomy":"post_tag","embeddable":true,"href":"https:\/\/www.europesays.com\/pt\/wp-json\/wp\/v2\/tags?post=231251"}],"curies":[{"name":"wp","href":"https:\/\/api.w.org\/{rel}","templated":true}]}}