{"id":231257,"date":"2026-01-16T10:44:16","date_gmt":"2026-01-16T10:44:16","guid":{"rendered":"https:\/\/www.europesays.com\/pt\/231257\/"},"modified":"2026-01-16T10:44:16","modified_gmt":"2026-01-16T10:44:16","slug":"george-clooney-chama-tarantino-de-cruel-apos-criticas-a-paul-dano-e-owen-wilson","status":"publish","type":"post","link":"https:\/\/www.europesays.com\/pt\/231257\/","title":{"rendered":"George Clooney chama Tarantino de &#8216;cruel&#8217; ap\u00f3s cr\u00edticas a Paul Dano e Owen Wilson"},"content":{"rendered":"<p>\n                        &#8220;Estamos vivendo em tempos de crueldade. N\u00e3o precisamos contribuir para isso&#8221;, afirmou o ator\n                    <\/p>\n<ul class=\"article__header__author\">\n<li class=\"article__header__author__item\">\n                                                Por:<br \/>\n                                                                                    Giovana Laurelli (@gii_laurelli) \/ Rolling Stone Brasil\n                                                                        <\/li>\n<\/ul>\n<p class=\"text\"><a href=\"https:\/\/www.terra.com.br\/tudo-sobre\/george-clooney\" target=\"_self\" rel=\"nofollow noopener\">George Clooney<\/a> defendeu colegas de profiss\u00e3o ao receber o pr\u00eamio de Melhor Ator na premia\u00e7\u00e3o da <strong>AARP <\/strong><strong>Movies for Grownups Awards<\/strong>, no \u00faltimo s\u00e1bado, 10. Em seu discurso de agradecimento ap\u00f3s receber a estatueta por seu trabalho em Jay Kelly, o ator elogiou\u00a0Paul Dano,\u00a0<strong>Owen Wilson\u00a0<\/strong>e\u00a0Matthew Lillard, que foram alvos de cr\u00edticas de\u00a0Quentin Tarantino no \u00faltimo m\u00eas.<\/p>\n<p><img loading=\"lazy\" decoding=\"async\" alt=\"Da esquerda para a direita: Owen Wilson, Quentin Tarantino, George Clooney, Paul Dano e Matthew Lillard (Fotos: Axelle\/Bauer\" class=\"img-91fcccaa03a03d96e01cd715d7523c71zjmlygg8\" height=\"435\" src=\"https:\/\/www.europesays.com\/pt\/wp-content\/uploads\/2026\/01\/1057389026-owen-wilson-quentin-tarantino-george-clooney-paul-dano-e-matthew-lillard.jpg\"  title=\"Da esquerda para a direita: Owen Wilson, Quentin Tarantino, George Clooney, Paul Dano e Matthew Lillard (Fotos: Axelle\/Bauer\" width=\"774\"\/><\/p>\n<p>Da esquerda para a direita: Owen Wilson, Quentin Tarantino, George Clooney, Paul Dano e Matthew Lillard (Fotos: Axelle\/Bauer<\/p>\n<p>Foto: Griffin\/FilmMagic; Amy Sussman\/Getty Images; Michael Kovac\/Getty Images for AARP; Dominik Magdziak\/Getty Images e Amy Sussman\/Getty Images) \/ Rolling Stone Brasil<\/p>\n<p class=\"text\"><strong>Tarantino<\/strong> criticou os atores em dezembro de 2025, no programa &#8216;The Bret Easton Ellis Podcast&#8217;. Na entrevista, o diretor deveria revelar seus filmes preferidos do s\u00e9culo XXI at\u00e9 o momento.\u00a0<strong>Tarantino<\/strong> iniciou os ataques detonando a atua\u00e7\u00e3o de <strong>Dano<\/strong> em Sangue Negro (2007), filme do aclamado\u00a0<strong>Paul Thomas Anderson\u00a0<\/strong>em que o ator interpreta os g\u00eameos id\u00eanticos <strong>Eli\u00a0<\/strong>e\u00a0<strong>Paul Sunday<\/strong>. O diretor alocou o longa na quinta posi\u00e7\u00e3o, mas afirmou que o filme poderia ter ficado em primeiro ou segundo lugar &#8220;se n\u00e3o tivesse um defeito enorme&#8230; e esse defeito \u00e9 <strong>Paul Dano<\/strong>&#8220;.<\/p>\n<p class=\"text\">&#8220;Obviamente, a ideia \u00e9 que seja um filme com dois personagens principais, mas tamb\u00e9m \u00e9 drasticamente \u00f3bvio que n\u00e3o \u00e9&#8221;, continua o diretor. &#8220;[<strong>Dano<\/strong>] \u00e9 fraco, cara. Ele \u00e9 a parte mais fraca. Austin Butler teria sido maravilhoso nesse papel. Ele \u00e9 um cara t\u00e3o fraco, fraco e desinteressante. O ator mais fraquinho do <strong>SAG<\/strong> [sindicato dos atores de Hollywood].&#8221;<\/p>\n<p class=\"text\">No filme, <strong>Dano\u00a0<\/strong>contracena com um dos gigantes da atua\u00e7\u00e3o norte-americana, Daniel Day-Lewis. &#8220;Ele simplesmente n\u00e3o est\u00e1 no n\u00edvel e no calibre de <strong>Daniel Day-Lewis<\/strong>, e se os dois personagens s\u00e3o para se enfrentarem ao longo do filme, ent\u00e3o <strong>Daniel Day-Lewis<\/strong> \u00e9 Muhammad Ali\u00a0e <strong>Paul Dano<\/strong> \u00e9 <strong>Jerry Corey<\/strong>. \u00c9 o que \u00e9&#8221;. No filme,\u00a0<strong>Dano<\/strong> interpretou dois personagens, mas teve apenas poucos dias antes do in\u00edcio das filmagens para se preparar, j\u00e1 que o ator que interpretaria um dos irm\u00e3os acabou abandonando o projeto.<\/p>\n<p class=\"text\">Em meio as risadas de <strong>Tarantino<\/strong>, <strong>Ellis<\/strong> interveio dizendo que <strong>Dano<\/strong> estava &#8220;muito bem&#8221; para o que precisava fazer no filme. O diretor respondeu: &#8220;N\u00e3o estou dizendo que ele est\u00e1 fazendo uma atua\u00e7\u00e3o terr\u00edvel, estou dizendo que ele est\u00e1 fazendo uma atua\u00e7\u00e3o sem express\u00e3o&#8230; N\u00e3o gosto dele.&#8221;<\/p>\n<p class=\"text\">As cr\u00edticas aos outros dois atoresocorreram logo em seguida. <strong>Wilson\u00a0<\/strong>foi citado por seu trabalho em Meia-Noite em Paris (2011), o 10\u00ba colocado na mesma lista de favoritos de <strong>T<\/strong><strong>arantino<\/strong>.<\/p>\n<p class=\"text\">&#8220;Eu realmente n\u00e3o suporto <strong>Owen Wilson<\/strong>. Eu n\u00e3o suporto mesmo&#8221;, afirmou. &#8220;Na primeira vez que vi<strong> Meia-Noite em Paris<\/strong>, passei o tempo amando o filme e odiando ele. Na segunda vez pensei: &#8216;Ok, n\u00e3o seja t\u00e3o idiota, ele n\u00e3o \u00e9 t\u00e3o ruim.&#8217; Na terceira vez, percebi que estava assistindo s\u00f3 para observ\u00e1-lo&#8221;.<\/p>\n<p class=\"text\"><strong>Lillard <\/strong>foi o \u00fanico dos atores criticados que n\u00e3o foi mencionado por alguma atua\u00e7\u00e3o espec\u00edfica. &#8220;N\u00e3o gosto do\u00a0<strong>Paul Dano<\/strong>, n\u00e3o gosto do\u00a0<strong>Owen Wilson,<\/strong>\u00a0e n\u00e3o gosto do\u00a0<strong>Matthew Lillard<\/strong>&#8220;, afirmou\u00a0<strong>Tarantino<\/strong>.<\/p>\n<p class=\"text\">Em seu discurso,\u00a0<strong>Clooney\u00a0<\/strong>exaltou os colegas de profiss\u00e3o: &#8220;Ali\u00e1s, <strong>Paul Dano<\/strong>, <strong>Owen Wilson<\/strong> e <strong>Matthew Lillard<\/strong>, seria uma honra trabalhar com esses atores. Uma honra mesmo.&#8221;<\/p>\n<p class=\"text\"><strong>Clooney <\/strong>tamb\u00e9m ressaltou a import\u00e2ncia de trabalhar com uma equipe que aprecia a atua\u00e7\u00e3o, descrevendo <strong>Jay Kelly<\/strong> como um filme &#8220;feito por pessoas que amam atores \u2014 essa \u00e9 uma parte importante. Pessoas que conhe\u00e7o h\u00e1 quase toda a minha vida\u2026 na verdade, a maioria delas s\u00e3o atores. Tenho muita afinidade [por eles] e n\u00e3o gosto de ver pessoas sendo cru\u00e9is&#8221;.<\/p>\n<p class=\"text\">&#8220;Estamos vivendo em tempos de crueldade&#8221;, continuou o ator. &#8220;N\u00e3o precisamos contribuir para isso&#8221;.<\/p>\n<p class=\"text\">Em 2024, <strong>Tarantino <\/strong>tamb\u00e9m alfinetou <strong>Clooney<\/strong>, alegando que o ator vencedor do Oscar n\u00e3o era uma estrela de cinema (via Variety). Os dois atuaram juntos no filme Um Drink no Inferno, de Robert Rodriguez, em 1996.<\/p>\n<p class=\"text\">&#8220;Quentin falou umas besteiras sobre mim recentemente, ent\u00e3o estou um pouco irritado com ele&#8221;, afirmou o ator \u00e0 GQ ap\u00f3s a declara\u00e7\u00e3o do diretor. &#8220;Ele deu uma entrevista em que estava citando estrelas de cinema, e estava falando do Brad e de mais algu\u00e9m, e a\u00ed um cara pergunta: &#8216;E o George?&#8217; Ele responde: &#8216;Ele n\u00e3o \u00e9 uma estrela de cinema'&#8221;.<\/p>\n<p class=\"text\">Na mesma entrevista, <strong>Clooney<\/strong> acrescentou que foi uma &#8220;\u00f3tima \u00e9poca como jovem ator&#8221;, uma declara\u00e7\u00e3o que provavelmente mant\u00e9m at\u00e9 hoje; na premia\u00e7\u00e3o <strong>Movies for Grownups<\/strong>, o ator brincou dizendo que &#8220;a \u00fanica maneira de eu ganhar alguma coisa \u00e9 se Timoth\u00e9e Chalamet for jovem demais&#8221;.<\/p>\n<p>\n     O evento anual no qual o ator foi premiado celebra filmes e s\u00e9ries feitos por e para pessoas acima de 50 anos, e \u00e9 organizado pela organiza\u00e7\u00e3o sem fins lucrativos <\/p>\n<p><strong>AARP <\/strong><\/p>\n<p>&#8211; <\/p>\n<p><strong>American Association of Retired Persons<\/strong><\/p>\n<p> (&#8220;Associa\u00e7\u00e3o Americana de Pessoas Aposentadas&#8221;, em tradu\u00e7\u00e3o livre). Confira abaixo o trailer do longa que rendeu distin\u00e7\u00e3o \u00e0 <\/p>\n<p><strong>Clooney\u00a0<\/strong><\/p>\n<p>na premia\u00e7\u00e3o:\n   <\/p>\n<p class=\"text\">\n<p><strong>+++ LEIA MAIS: Os diretores e atores que defenderam Paul Dano ap\u00f3s cr\u00edticas de Quentin Tarantino<\/strong><strong>+++ LEIA MAIS: &#8216;Jay Kelly&#8217;, com George Clooney e Adam Sandler, \u00e9 baseado em uma hist\u00f3ria real?<\/strong><strong>+++ LEIA MAIS: Tarantino culpa Paul Dano por &#8216;Sangue Negro&#8217; n\u00e3o ser ainda melhor: &#8216;A parte mais fraca&#8217;<\/strong><strong>+++ LEIA MAIS: Tarantino revela que &#8216;n\u00e3o suporta&#8217; Owen Wilson, mas ama &#8216;Meia-Noite em Paris&#8217;<\/strong><strong>+++ LEIA MAIS: Matthew Lillard afirma estar magoado com cr\u00edticas de Quentin Tarantino<\/strong><strong>+++ LEIA MAIS: Os 20 melhores filmes do s\u00e9culo 21, segundo Quentin Tarantino<\/strong><\/p>\n","protected":false},"excerpt":{"rendered":"&#8220;Estamos vivendo em tempos de crueldade. N\u00e3o precisamos contribuir para isso&#8221;, afirmou o ator Por: Giovana Laurelli (@gii_laurelli)&hellip;\n","protected":false},"author":2,"featured_media":231258,"comment_status":"","ping_status":"","sticky":false,"template":"","format":"standard","meta":{"footnotes":""},"categories":[145],"tags":[211,210,114,115,32,33],"class_list":{"0":"post-231257","1":"post","2":"type-post","3":"status-publish","4":"format-standard","5":"has-post-thumbnail","7":"category-celebridades","8":"tag-celebridades","9":"tag-celebrities","10":"tag-entertainment","11":"tag-entretenimento","12":"tag-portugal","13":"tag-pt"},"share_on_mastodon":{"url":"https:\/\/pubeurope.com\/@pt\/115904371962929277","error":""},"_links":{"self":[{"href":"https:\/\/www.europesays.com\/pt\/wp-json\/wp\/v2\/posts\/231257","targetHints":{"allow":["GET"]}}],"collection":[{"href":"https:\/\/www.europesays.com\/pt\/wp-json\/wp\/v2\/posts"}],"about":[{"href":"https:\/\/www.europesays.com\/pt\/wp-json\/wp\/v2\/types\/post"}],"author":[{"embeddable":true,"href":"https:\/\/www.europesays.com\/pt\/wp-json\/wp\/v2\/users\/2"}],"replies":[{"embeddable":true,"href":"https:\/\/www.europesays.com\/pt\/wp-json\/wp\/v2\/comments?post=231257"}],"version-history":[{"count":0,"href":"https:\/\/www.europesays.com\/pt\/wp-json\/wp\/v2\/posts\/231257\/revisions"}],"wp:featuredmedia":[{"embeddable":true,"href":"https:\/\/www.europesays.com\/pt\/wp-json\/wp\/v2\/media\/231258"}],"wp:attachment":[{"href":"https:\/\/www.europesays.com\/pt\/wp-json\/wp\/v2\/media?parent=231257"}],"wp:term":[{"taxonomy":"category","embeddable":true,"href":"https:\/\/www.europesays.com\/pt\/wp-json\/wp\/v2\/categories?post=231257"},{"taxonomy":"post_tag","embeddable":true,"href":"https:\/\/www.europesays.com\/pt\/wp-json\/wp\/v2\/tags?post=231257"}],"curies":[{"name":"wp","href":"https:\/\/api.w.org\/{rel}","templated":true}]}}