{"id":231259,"date":"2026-01-16T10:47:07","date_gmt":"2026-01-16T10:47:07","guid":{"rendered":"https:\/\/www.europesays.com\/pt\/231259\/"},"modified":"2026-01-16T10:47:07","modified_gmt":"2026-01-16T10:47:07","slug":"vem-ai-em-terra-forte-guerra-declarada-maria-de-fatima-decide-chantagear-flor-com-video-comprometedor-novelas","status":"publish","type":"post","link":"https:\/\/www.europesays.com\/pt\/231259\/","title":{"rendered":"Vem a\u00ed em \u00abTerra Forte\u00bb: Guerra declarada! Maria de F\u00e1tima decide chantagear Flor com v\u00eddeo comprometedor &#8211; Novelas"},"content":{"rendered":"<p>Em \u00abTerra Forte\u00bb,\u00a0<strong data-end=\"1290\" data-start=\"1220\"><a href=\"https:\/\/tvi.iol.pt\/novelas\/ator\/maria-de-fatima\/68ee548bd34ee0c2fed13d9c\" rel=\"nofollow noopener\" target=\"_blank\">Maria de F\u00e1tima (Rita Pereira)<\/a>\u00a0<\/strong>mostra a um chocado <a href=\"https:\/\/tvi.iol.pt\/novelas\/videos\/terra-forte-caio-deixa-maria-de-fatima-rendida\/695bfd530cf28fe4304aaf39\" rel=\"nofollow noopener\" target=\"_blank\">Caio (Bruno Cabrerizo)<\/a>\u00a0o v\u00eddeo que gravou de <a href=\"https:\/\/tvi.iol.pt\/novelas\/videos\/terra-forte-sammy-fica-sem-chao-ao-descobrir-que-flor-e-a-mae-de-rosinha\/68f7b83e0cf29d28d8297a75\" rel=\"nofollow noopener\" target=\"_blank\">Sammy (Jos\u00e9 Fidalgo)<\/a> e <a href=\"https:\/\/tvi.iol.pt\/novelas\/videos\/terra-forte-no-dia-do-seu-aniversario-flor-recebe-uma-visita-inesperada\/68f65c7a0cf29d28d82976c8\" rel=\"nofollow noopener\" target=\"_blank\">Flor (Benedita Pereira)<\/a>\u00a0a envolverem-se. Maria de F\u00e1tima agradece pragm\u00e1tica a Caio por a ter acalmado e assim n\u00e3o ter tomado nenhuma decis\u00e3o precipitada. Diz a Marilene para chamar o seu advogado, ficando surpresa com quem ela diz estar ali para falar com ela.<\/p>\n<p>Caio cruza-se com <a href=\"https:\/\/tvi.iol.pt\/novelas\/videos\/terra-forte-maria-de-fatima-e-cobra-sao-cumplices-em-varios-crimes\/6900dcc00cf29d28d82991f2\" rel=\"nofollow noopener\" target=\"_blank\">Cobra (Ricardo Burgos)<\/a>\u00a0na rece\u00e7\u00e3o, questionando-o se veio ali para control\u00e1-lo. Cobra olha-o surpreso. Caio avisa Cobra que n\u00e3o vai deixar que ele o manipule, dizendo j\u00e1 n\u00e3o ser o jovem ing\u00e9nuo que era antes. Cobra diz a Caio ser \u00f3bvio que Maria de F\u00e1tima se enrolou com ele, avisando-o que vai ter de sair daquela equa\u00e7\u00e3o a bem ou a mal.\u00a0<\/p>\n<p>Cobra diz a Maria de F\u00e1tima ter vindo ali para apoi\u00e1-la como sempre fez toda a sua vida. Maria de F\u00e1tima assente, dizendo estar muito magoada com Sammy e Flor se terem envolvido na sua casa com ela ali ao lado. Maria de F\u00e1tima diz a Cobra ter filmado os dois juntos, indo vingar-se deles usando esse v\u00eddeo. Cobra pergunta-lhe se precisa dele, ou se ter estado com Caio foi suficiente para ela. Maria de F\u00e1tima olha-o surpresa. Cobra diz a Maria de F\u00e1tima n\u00e3o se importar que ela se tenha envolvido com Caio, referindo que ela sabe que sempre houve liberdade entre eles. Cobra aconselha Maria de F\u00e1tima a chantagear Flor com o v\u00eddeo, dizendo achar que ela vai so\u00e7obrar a fazer tudo que ela quiser por n\u00e3o querer perder Ant\u00f3nio. Maria de F\u00e1tima assente, dizendo j\u00e1 ter uma ideia em mente.<\/p>\n<p>Recorde-se que elas tinham acordado em recome\u00e7ar a rela\u00e7\u00e3o:<\/p>\n","protected":false},"excerpt":{"rendered":"Em \u00abTerra Forte\u00bb,\u00a0Maria de F\u00e1tima (Rita Pereira)\u00a0mostra a um chocado Caio (Bruno Cabrerizo)\u00a0o v\u00eddeo que gravou de Sammy&hellip;\n","protected":false},"author":2,"featured_media":231260,"comment_status":"","ping_status":"","sticky":false,"template":"","format":"standard","meta":{"footnotes":""},"categories":[142],"tags":[160,41096,3371,12623,166,114,115,157,167,164,8598,161,158,165,159,32,33,156,31381,5871,18614,163,151,162],"class_list":{"0":"post-231259","1":"post","2":"type-post","3":"status-publish","4":"format-standard","5":"has-post-thumbnail","7":"category-tv","8":"tag-ana-guiomar","9":"tag-bruno-cabrerizo","10":"tag-caio","11":"tag-cobra","12":"tag-cristina-ferreira","13":"tag-entertainment","14":"tag-entretenimento","15":"tag-festa-e-festa","16":"tag-ficcao","17":"tag-jose-fidalgo","18":"tag-maria-de-fatima","19":"tag-novelas","20":"tag-para-sempre","21":"tag-pedro-sousa","22":"tag-pedro-teixeira","23":"tag-portugal","24":"tag-pt","25":"tag-queridos-papas","26":"tag-ricardo-burgos","27":"tag-rita-pereira","28":"tag-terra-forte","29":"tag-tiago-teotonio-pereira","30":"tag-tv","31":"tag-tvi"},"share_on_mastodon":{"url":"https:\/\/pubeurope.com\/@pt\/115904383720108387","error":""},"_links":{"self":[{"href":"https:\/\/www.europesays.com\/pt\/wp-json\/wp\/v2\/posts\/231259","targetHints":{"allow":["GET"]}}],"collection":[{"href":"https:\/\/www.europesays.com\/pt\/wp-json\/wp\/v2\/posts"}],"about":[{"href":"https:\/\/www.europesays.com\/pt\/wp-json\/wp\/v2\/types\/post"}],"author":[{"embeddable":true,"href":"https:\/\/www.europesays.com\/pt\/wp-json\/wp\/v2\/users\/2"}],"replies":[{"embeddable":true,"href":"https:\/\/www.europesays.com\/pt\/wp-json\/wp\/v2\/comments?post=231259"}],"version-history":[{"count":0,"href":"https:\/\/www.europesays.com\/pt\/wp-json\/wp\/v2\/posts\/231259\/revisions"}],"wp:featuredmedia":[{"embeddable":true,"href":"https:\/\/www.europesays.com\/pt\/wp-json\/wp\/v2\/media\/231260"}],"wp:attachment":[{"href":"https:\/\/www.europesays.com\/pt\/wp-json\/wp\/v2\/media?parent=231259"}],"wp:term":[{"taxonomy":"category","embeddable":true,"href":"https:\/\/www.europesays.com\/pt\/wp-json\/wp\/v2\/categories?post=231259"},{"taxonomy":"post_tag","embeddable":true,"href":"https:\/\/www.europesays.com\/pt\/wp-json\/wp\/v2\/tags?post=231259"}],"curies":[{"name":"wp","href":"https:\/\/api.w.org\/{rel}","templated":true}]}}