{"id":231261,"date":"2026-01-16T10:50:07","date_gmt":"2026-01-16T10:50:07","guid":{"rendered":"https:\/\/www.europesays.com\/pt\/231261\/"},"modified":"2026-01-16T10:50:07","modified_gmt":"2026-01-16T10:50:07","slug":"rui-borges-inventa-outra-vez-o-onze-provavel-do-sporting-ante-casa-pia","status":"publish","type":"post","link":"https:\/\/www.europesays.com\/pt\/231261\/","title":{"rendered":"Rui Borges inventa\u2026 outra vez. O onze prov\u00e1vel do Sporting ante Casa Pia"},"content":{"rendered":"<p>Eliminado das meias finais da Ta\u00e7a da Liga pelo Vit\u00f3ria SC (que viria a sagrar-se campe\u00e3o de inverno, perante o eterno rival, o Sporting de Braga), o Sporting recentra todas as aten\u00e7\u00f5es na I Liga, onde tem, esta quinta-feira, encontro marcado com o Casa Pia, no Est\u00e1dio Jos\u00e9 Alvalade, a partir das 20h15 (hora de Portugal Continental).<\/p>\n<p>Um embate para o qual com Rui Borges se v\u00ea, uma vez mais, perante toda uma s\u00e9rie de &#8216;dores de cabe\u00e7a&#8217;, dada a razia de les\u00f5es que tem vindo a assolar o plantel verde e branco, e que deixa Ousmane Diomande Eduardo Quaresma, Salvador Blopa, Nuno Santos, Pedro Gon\u00e7alves, Geovany Quenda e Fotis Ioannidis entregues aos cuidados do departamento cl\u00ednico.<\/p>\n<p>No entanto, as m\u00e1s not\u00edcias n\u00e3o se ficam por aqui, uma vez que, agora, o treinador mirandelense tamb\u00e9m n\u00e3o poder\u00e1 contar com o capit\u00e3o, Morten Hjulmand, e com o titular indiscut\u00edvel, Maxi Ara\u00fajo, que ir\u00e3o cumprir castigo, que viram o quinto cart\u00e3o amarelo da temporada, no empate a uma bola com o Gil Vicente, no Est\u00e1dio Cidade de Barcelos.<\/p>\n<p>Para amenizar o golpe, os le\u00f5es contam, no sentido inverso, com o regresso de Gon\u00e7alo In\u00e1cio, que j\u00e1 completou a suspens\u00e3o de que foi alvo. Quem tamb\u00e9m j\u00e1 poder\u00e1 merecer alguns minutos \u00e9 Daniel Bragan\u00e7a, que procura recuperar a melhor forma f\u00edsica, ap\u00f3s uma longa paragem, devido a les\u00e3o.<\/p>\n<p>Os bicampe\u00f5es nacionais em t\u00edtulo moram, neste momento, no segundo lugar da I Liga, com 42 pontos conquistados ao cabo de 17 jornadas, menos sete do que o l\u00edder, o FC Porto. Os gansos, por seu lado, s\u00e3o 15.\u00ba classificados, com 14 pontos, na sequ\u00eancia de uma primeira volta &#8216;para esquecer&#8217;, que culminou nas demiss\u00f5es de Jo\u00e3o Pereira e Gon\u00e7alo Brand\u00e3o.<\/p>\n<p>O Sporting-Casa Pia tem apito inicial agendado para as 20h15 (hora de Portugal Continental), e ir\u00e1 contar com a arbitragem de David Silva, juiz da Associa\u00e7\u00e3o de Futebol do Porto, que ir\u00e1 liderar uma equipa composta pelos assistentes Carlos Campos e N\u00e9lson Cunha, o quarto \u00e1rbitro Ricardo Baixinho, o VAR Jo\u00e3o Malheiro Pinto e o AVAR Gon\u00e7alo Freire.<\/p>\n<p>Leia Tamb\u00e9m: <a href=\"https:\/\/www.noticiasaominuto.com\/desporto\/2919542\/sporting-procura-quebrar-enguico-com-adversario-perfeito-em-alvalade\" target=\"_blank\" rel=\"noopener noreferrer nofollow\">Sporting procura &#8216;quebrar engui\u00e7o&#8217; com advers\u00e1rio perfeito em Alvalade<\/a><\/p>\n","protected":false},"excerpt":{"rendered":"Eliminado das meias finais da Ta\u00e7a da Liga pelo Vit\u00f3ria SC (que viria a sagrar-se campe\u00e3o de inverno,&hellip;\n","protected":false},"author":2,"featured_media":231262,"comment_status":"","ping_status":"","sticky":false,"template":"","format":"standard","meta":{"footnotes":""},"categories":[87],"tags":[135,32,33,134],"class_list":{"0":"post-231261","1":"post","2":"type-post","3":"status-publish","4":"format-standard","5":"has-post-thumbnail","7":"category-desporto","8":"tag-desporto","9":"tag-portugal","10":"tag-pt","11":"tag-sports"},"share_on_mastodon":{"url":"https:\/\/pubeurope.com\/@pt\/115904395590761952","error":""},"_links":{"self":[{"href":"https:\/\/www.europesays.com\/pt\/wp-json\/wp\/v2\/posts\/231261","targetHints":{"allow":["GET"]}}],"collection":[{"href":"https:\/\/www.europesays.com\/pt\/wp-json\/wp\/v2\/posts"}],"about":[{"href":"https:\/\/www.europesays.com\/pt\/wp-json\/wp\/v2\/types\/post"}],"author":[{"embeddable":true,"href":"https:\/\/www.europesays.com\/pt\/wp-json\/wp\/v2\/users\/2"}],"replies":[{"embeddable":true,"href":"https:\/\/www.europesays.com\/pt\/wp-json\/wp\/v2\/comments?post=231261"}],"version-history":[{"count":0,"href":"https:\/\/www.europesays.com\/pt\/wp-json\/wp\/v2\/posts\/231261\/revisions"}],"wp:featuredmedia":[{"embeddable":true,"href":"https:\/\/www.europesays.com\/pt\/wp-json\/wp\/v2\/media\/231262"}],"wp:attachment":[{"href":"https:\/\/www.europesays.com\/pt\/wp-json\/wp\/v2\/media?parent=231261"}],"wp:term":[{"taxonomy":"category","embeddable":true,"href":"https:\/\/www.europesays.com\/pt\/wp-json\/wp\/v2\/categories?post=231261"},{"taxonomy":"post_tag","embeddable":true,"href":"https:\/\/www.europesays.com\/pt\/wp-json\/wp\/v2\/tags?post=231261"}],"curies":[{"name":"wp","href":"https:\/\/api.w.org\/{rel}","templated":true}]}}