{"id":231268,"date":"2026-01-16T10:55:07","date_gmt":"2026-01-16T10:55:07","guid":{"rendered":"https:\/\/www.europesays.com\/pt\/231268\/"},"modified":"2026-01-16T10:55:07","modified_gmt":"2026-01-16T10:55:07","slug":"decreto-que-muda-regras-para-medicos-tarefeiros-adiado-para-pos-presidenciais","status":"publish","type":"post","link":"https:\/\/www.europesays.com\/pt\/231268\/","title":{"rendered":"Decreto que muda regras para m\u00e9dicos tarefeiros adiado para p\u00f3s-presidenciais"},"content":{"rendered":"<p>De tr\u00eas, sobra um. Mas \u00e9 o mais pol\u00e9mico. O decreto do Governo que regula o trabalho m\u00e9dico \u00e0 tarefa no Servi\u00e7o Nacional de Sa\u00fade (SNS) foi devolvido pelo Presidente da Rep\u00fablica ao Executivo e ainda n\u00e3o voltou a Bel\u00e9m.<\/p>\n<p><a href=\"https:\/\/expresso.pt\/subscrever?action=GEN&amp;channel=BAF&amp;type=CAP&amp;source=WEB&amp;returnUrl=https:\/\/expresso.pt\/politica\/presidente\/2026-01-15-decreto-que-muda-regras-para-medicos-tarefeiros-adiado-para-pos-presidenciais-d2a19b36&amp;utm_source=expresso&amp;utm_medium=locked_article&amp;locked=true&amp;article_id=42474a92-2fe8-4c0c-b72d-de18f0379cfc&amp;author_id=Eunice+Louren\u00e7o,Jo\u00e3o+Pedro+Henriques,Paula+Caeiro+Varela&amp;category=Presidente\" target=\"_self\" class=\"\" rel=\"nofollow noopener\">Subscrever<\/a>J\u00e1 \u00e9 Subscritor?Fa\u00e7a login e continue a ler<a href=\"http:\/\/expresso.pt\/codigo?redirectUrl=https:\/\/expresso.pt\/politica\/presidente\/2026-01-15-decreto-que-muda-regras-para-medicos-tarefeiros-adiado-para-pos-presidenciais-d2a19b36\" target=\"_self\" class=\"\" rel=\"nofollow noopener\">Inserir C\u00f3digo<\/a>Comprou o Expresso?Insira o c\u00f3digo presente na Revista E para continuar a ler<\/p>\n","protected":false},"excerpt":{"rendered":"De tr\u00eas, sobra um. Mas \u00e9 o mais pol\u00e9mico. O decreto do Governo que regula o trabalho m\u00e9dico&hellip;\n","protected":false},"author":2,"featured_media":231269,"comment_status":"","ping_status":"","sticky":false,"template":"","format":"standard","meta":{"footnotes":""},"categories":[50],"tags":[27,28,15,16,14,25,26,21,22,62,12,13,19,20,23,24,17,18,29,30,31,63,64,65],"class_list":{"0":"post-231268","1":"post","2":"type-post","3":"status-publish","4":"format-standard","5":"has-post-thumbnail","7":"category-mundo","8":"tag-breaking-news","9":"tag-breakingnews","10":"tag-featured-news","11":"tag-featurednews","12":"tag-headlines","13":"tag-latest-news","14":"tag-latestnews","15":"tag-main-news","16":"tag-mainnews","17":"tag-mundo","18":"tag-news","19":"tag-noticias","20":"tag-noticias-principais","21":"tag-noticiasprincipais","22":"tag-principais-noticias","23":"tag-principaisnoticias","24":"tag-top-stories","25":"tag-topstories","26":"tag-ultimas","27":"tag-ultimas-noticias","28":"tag-ultimasnoticias","29":"tag-world","30":"tag-world-news","31":"tag-worldnews"},"share_on_mastodon":{"url":"https:\/\/pubeurope.com\/@pt\/115904415252944475","error":""},"_links":{"self":[{"href":"https:\/\/www.europesays.com\/pt\/wp-json\/wp\/v2\/posts\/231268","targetHints":{"allow":["GET"]}}],"collection":[{"href":"https:\/\/www.europesays.com\/pt\/wp-json\/wp\/v2\/posts"}],"about":[{"href":"https:\/\/www.europesays.com\/pt\/wp-json\/wp\/v2\/types\/post"}],"author":[{"embeddable":true,"href":"https:\/\/www.europesays.com\/pt\/wp-json\/wp\/v2\/users\/2"}],"replies":[{"embeddable":true,"href":"https:\/\/www.europesays.com\/pt\/wp-json\/wp\/v2\/comments?post=231268"}],"version-history":[{"count":0,"href":"https:\/\/www.europesays.com\/pt\/wp-json\/wp\/v2\/posts\/231268\/revisions"}],"wp:featuredmedia":[{"embeddable":true,"href":"https:\/\/www.europesays.com\/pt\/wp-json\/wp\/v2\/media\/231269"}],"wp:attachment":[{"href":"https:\/\/www.europesays.com\/pt\/wp-json\/wp\/v2\/media?parent=231268"}],"wp:term":[{"taxonomy":"category","embeddable":true,"href":"https:\/\/www.europesays.com\/pt\/wp-json\/wp\/v2\/categories?post=231268"},{"taxonomy":"post_tag","embeddable":true,"href":"https:\/\/www.europesays.com\/pt\/wp-json\/wp\/v2\/tags?post=231268"}],"curies":[{"name":"wp","href":"https:\/\/api.w.org\/{rel}","templated":true}]}}